{"id":70473,"date":"2019-07-02T05:02:00","date_gmt":"2019-07-02T08:02:00","guid":{"rendered":"http:\/\/progepe.ufpr.br\/portarias\/rt-2019-00515\/"},"modified":"2023-08-03T13:15:29","modified_gmt":"2023-08-03T16:15:29","slug":"rt-2019-00515","status":"publish","type":"post","link":"https:\/\/progepe.ufpr.br\/portarias\/rt-2019-00515\/","title":{"rendered":"PORTARIA N\u00ba 00515\/REITORIA, DE 02 DE JULHO DE 2019"},"content":{"rendered":"\n<p>O Reitor da Universidade Federal do Paran\u00e1, no uso de suas atribui\u00e7\u00f5es, tendo em vista o que consta no artigo 50, \u00a7 \u00danico do Regimento Geral desta Universidade e o que consta no processo n\u00ba 23075.034138\/2019-52,<\/p>\n\n\n<p><strong>RESOLVE:<\/strong><\/p>\n\n\n<p>I. Designar o servidor NELSON AUGUSTO ROSARIO FILHO &#8211; 6340929, ocupante do cargo de Professor, no regime de trabalho de 40 (quarenta) horas semanais, para exercer, de acordo com o Art. 2\u00ba, III combinado com o Art. 4\u00ba da Resolu\u00e7\u00e3o n\u00ba 04\/95 &#8211; COUN, o cargo de Vice-Coordenador do Programa de P\u00f3s-Gradua\u00e7\u00e3o em Sa\u00fade da Crian\u00e7a e do Adolescente do Setor de Ci\u00eancias da Sa\u00fade, no per\u00edodo de 23 de abril de 2019 a 03 de dezembro de 2019, t\u00e9rmino do mandato.<\/p><p> II. Nos impedimentos do Coordenador, o mencionado docente cumprir\u00e1, obrigatoriamente, o regime de trabalho de tempo integral, de acordo com o disposto no \u00a7 5\u00b0, artigo 1\u00b0 da Lei n\u00b0 8.168\/91.<\/p><p><\/p>\n\n\n<div style=\"height:15px\" aria-hidden=\"true\" class=\"wp-block-spacer\"><\/div>\n\n\n<div class=\"wp-block-buttons is-content-justification-right is-layout-flex wp-container-core-buttons-is-layout-1 wp-block-buttons-is-layout-flex\">\n<div class=\"wp-block-button has-custom-font-size is-style-outline has-small-font-size is-style-outline--1\"><a class=\"wp-block-button__link\" href=\"https:\/\/progepe.ufpr.br\/portarias\/wp-content\/uploads\/pcp\/RT\/2019\/515R.pdf\" style=\"border-radius:0px\" target=\"_blank\" rel=\"noreferrer noopener\">Acesse o arquivo da portaria<\/a><\/div><\/div>\n","protected":false},"excerpt":{"rendered":"<p>I. Designar o servidor NELSON AUGUSTO ROSARIO FILHO &#8211; 6340929, ocupante do cargo de Professor, no regime de trabalho de 40 (quarenta) horas semanais, para exercer, de acordo com o Art. 2\u00ba, III combinado com o Art. 4\u00ba da Resolu\u00e7\u00e3o n\u00ba 04\/95 &#8211; COUN, o cargo de Vice-Coordenador do Programa de P\u00f3s-Gradua\u00e7\u00e3o em Sa\u00fade da Crian\u00e7a e do Adolescente do Setor de Ci\u00eancias da Sa\u00fade, no per\u00edodo de 23 de abril de 2019 a 03 de dezembro de 2019, t\u00e9rmino do mandato. II. Nos impedimentos do Coordenador, o mencionado docente cumprir\u00e1, obrigatoriamente, o regime de trabalho de tempo<\/p>\n","protected":false},"author":41,"featured_media":0,"comment_status":"closed","ping_status":"open","sticky":false,"template":"","format":"standard","meta":{"_acf_changed":false,"iawp_total_views":0,"footnotes":""},"categories":[117],"tags":[243],"class_list":["post-70473","post","type-post","status-publish","format-standard","hentry","category-rt","tag-coordenador-vice"],"acf":[],"_links":{"self":[{"href":"https:\/\/progepe.ufpr.br\/portarias\/wp-json\/wp\/v2\/posts\/70473","targetHints":{"allow":["GET"]}}],"collection":[{"href":"https:\/\/progepe.ufpr.br\/portarias\/wp-json\/wp\/v2\/posts"}],"about":[{"href":"https:\/\/progepe.ufpr.br\/portarias\/wp-json\/wp\/v2\/types\/post"}],"author":[{"embeddable":true,"href":"https:\/\/progepe.ufpr.br\/portarias\/wp-json\/wp\/v2\/users\/41"}],"replies":[{"embeddable":true,"href":"https:\/\/progepe.ufpr.br\/portarias\/wp-json\/wp\/v2\/comments?post=70473"}],"version-history":[{"count":1,"href":"https:\/\/progepe.ufpr.br\/portarias\/wp-json\/wp\/v2\/posts\/70473\/revisions"}],"predecessor-version":[{"id":125822,"href":"https:\/\/progepe.ufpr.br\/portarias\/wp-json\/wp\/v2\/posts\/70473\/revisions\/125822"}],"wp:attachment":[{"href":"https:\/\/progepe.ufpr.br\/portarias\/wp-json\/wp\/v2\/media?parent=70473"}],"wp:term":[{"taxonomy":"category","embeddable":true,"href":"https:\/\/progepe.ufpr.br\/portarias\/wp-json\/wp\/v2\/categories?post=70473"},{"taxonomy":"post_tag","embeddable":true,"href":"https:\/\/progepe.ufpr.br\/portarias\/wp-json\/wp\/v2\/tags?post=70473"}],"curies":[{"name":"wp","href":"https:\/\/api.w.org\/{rel}","templated":true}]}}