{"id":70505,"date":"2019-01-02T05:04:00","date_gmt":"2019-01-02T07:04:00","guid":{"rendered":"http:\/\/progepe.ufpr.br\/portarias\/rt-2019-00005\/"},"modified":"2023-08-03T13:14:20","modified_gmt":"2023-08-03T16:14:20","slug":"rt-2019-00005","status":"publish","type":"post","link":"https:\/\/progepe.ufpr.br\/portarias\/rt-2019-00005\/","title":{"rendered":"PORTARIA N\u00ba 00005\/REITORIA, DE 02 DE JANEIRO DE 2019"},"content":{"rendered":"\n<p>A Vice-Reitora da Universidade Federal do Paran\u00e1, no exerc\u00edcio do cargo de Reitora, no uso de suas atribui\u00e7\u00f5es, tendo em vista o que consta no artigo 50, \u00a7 \u00danico do Regimento Geral desta Universidade e o que consta no processo n\u00ba 23075.069822\/2018-74,<\/p>\n\n\n<p><strong>RESOLVE:<\/strong><\/p>\n\n\n<p>I. Nomear a servidora NATALIA RESE &#8211; 1813299, ocupante do cargo de Professora, no regime de trabalho de dedica\u00e7\u00e3o exclusiva, para exercer, de acordo com o Art.<\/p><p> 2\u00ba, \u00a7 \u00danico, da Resolu\u00e7\u00e3o n\u00ba 04\/95 &#8211; COUN, a fun\u00e7\u00e3o de Coordenadora do Programa de P\u00f3s-Gradua\u00e7\u00e3o em Administra\u00e7\u00e3o do Setor de Ci\u00eancias Sociais Aplicadas, FCC \u2013 Fun\u00e7\u00e3o Comissionada de Coordena\u00e7\u00e3o de Curso, autorizada pela Lei n\u00ba 12.677, de 25 de junho de 2012, publicado no DOU de 26.06.2012 e Portaria\/MEC n\u00ba 1.172, de 17 de setembro de 2012, a partir da data de publica\u00e7\u00e3o em DOU desta Portaria at\u00e9 21 de dezembro de 2019, t\u00e9rmino do mandato.<\/p><p> II. A mencionada docente cumprir\u00e1, obrigatoriamente, o regime de trabalho de tempo integral, de acordo com o disposto no \u00a7 5\u00ba, artigo 1\u00ba da Lei n\u00ba 8.168\/91.<\/p><p><\/p>\n\n\n<div style=\"height:15px\" aria-hidden=\"true\" class=\"wp-block-spacer\"><\/div>\n\n\n<div class=\"wp-block-buttons is-content-justification-right is-layout-flex wp-container-core-buttons-is-layout-1 wp-block-buttons-is-layout-flex\">\n<div class=\"wp-block-button has-custom-font-size is-style-outline has-small-font-size is-style-outline--1\"><a class=\"wp-block-button__link\" href=\"https:\/\/progepe.ufpr.br\/portarias\/wp-content\/uploads\/pcp\/RT\/2019\/5R.pdf\" style=\"border-radius:0px\" target=\"_blank\" rel=\"noreferrer noopener\">Acesse o arquivo da portaria<\/a><\/div><\/div>\n","protected":false},"excerpt":{"rendered":"<p>I. Nomear a servidora NATALIA RESE &#8211; 1813299, ocupante do cargo de Professora, no regime de trabalho de dedica\u00e7\u00e3o exclusiva, para exercer, de acordo com o Art. 2\u00ba, \u00a7 \u00danico, da Resolu\u00e7\u00e3o n\u00ba 04\/95 &#8211; COUN, a fun\u00e7\u00e3o de Coordenadora do Programa de P\u00f3s-Gradua\u00e7\u00e3o em Administra\u00e7\u00e3o do Setor de Ci\u00eancias Sociais Aplicadas, FCC \u2013 Fun\u00e7\u00e3o Comissionada de Coordena\u00e7\u00e3o de Curso, autorizada pela Lei n\u00ba 12.677, de 25 de junho de 2012, publicado no DOU de 26.06.2012 e Portaria\/MEC n\u00ba 1.172, de 17 de setembro de 2012, a partir da data de publica\u00e7\u00e3o em DOU desta Portaria at\u00e9 21<\/p>\n","protected":false},"author":41,"featured_media":0,"comment_status":"closed","ping_status":"open","sticky":false,"template":"","format":"standard","meta":{"_acf_changed":false,"iawp_total_views":0,"footnotes":""},"categories":[117],"tags":[243],"class_list":["post-70505","post","type-post","status-publish","format-standard","hentry","category-rt","tag-coordenador-vice"],"acf":[],"_links":{"self":[{"href":"https:\/\/progepe.ufpr.br\/portarias\/wp-json\/wp\/v2\/posts\/70505","targetHints":{"allow":["GET"]}}],"collection":[{"href":"https:\/\/progepe.ufpr.br\/portarias\/wp-json\/wp\/v2\/posts"}],"about":[{"href":"https:\/\/progepe.ufpr.br\/portarias\/wp-json\/wp\/v2\/types\/post"}],"author":[{"embeddable":true,"href":"https:\/\/progepe.ufpr.br\/portarias\/wp-json\/wp\/v2\/users\/41"}],"replies":[{"embeddable":true,"href":"https:\/\/progepe.ufpr.br\/portarias\/wp-json\/wp\/v2\/comments?post=70505"}],"version-history":[{"count":1,"href":"https:\/\/progepe.ufpr.br\/portarias\/wp-json\/wp\/v2\/posts\/70505\/revisions"}],"predecessor-version":[{"id":125854,"href":"https:\/\/progepe.ufpr.br\/portarias\/wp-json\/wp\/v2\/posts\/70505\/revisions\/125854"}],"wp:attachment":[{"href":"https:\/\/progepe.ufpr.br\/portarias\/wp-json\/wp\/v2\/media?parent=70505"}],"wp:term":[{"taxonomy":"category","embeddable":true,"href":"https:\/\/progepe.ufpr.br\/portarias\/wp-json\/wp\/v2\/categories?post=70505"},{"taxonomy":"post_tag","embeddable":true,"href":"https:\/\/progepe.ufpr.br\/portarias\/wp-json\/wp\/v2\/tags?post=70505"}],"curies":[{"name":"wp","href":"https:\/\/api.w.org\/{rel}","templated":true}]}}