{"id":70523,"date":"2019-08-16T05:00:00","date_gmt":"2019-08-16T08:00:00","guid":{"rendered":"http:\/\/progepe.ufpr.br\/portarias\/rt-2019-00673\/"},"modified":"2023-08-03T13:15:51","modified_gmt":"2023-08-03T16:15:51","slug":"rt-2019-00673","status":"publish","type":"post","link":"https:\/\/progepe.ufpr.br\/portarias\/rt-2019-00673\/","title":{"rendered":"PORTARIA N\u00ba 00673\/REITORIA, DE 16 DE AGOSTO DE 2019"},"content":{"rendered":"\n<p>O Reitor da Universidade Federal do Paran\u00e1, no uso de suas atribui\u00e7\u00f5es, tendo em vista o que consta no artigo 50, \u00a7 \u00danico do Regimento Geral desta Universidade e o que consta no processo n\u00ba 23075.047371\/2019-03,<\/p>\n\n\n<p><strong>RESOLVE:<\/strong><\/p>\n\n\n<p>I. Exonerar, a partir da data de publica\u00e7\u00e3o em DOU desta Portaria, a servidora ANA MARIA MACHADO TOALDO &#8211; 1615099, da fun\u00e7\u00e3o de Vice-Coordenadora do Programa de P\u00f3s-Gradua\u00e7\u00e3o em Administra\u00e7\u00e3o do Setor de Ci\u00eancias Sociais Aplicadas.<\/p><p> II. Designar a servidora ANA MARIA MACHADO TOALDO &#8211; 1615099, ocupante do cargo de Professora, no regime de trabalho de dedica\u00e7\u00e3o exclusiva, para exercer, de acordo com o Art. 2\u00ba, II, combinado com o Art. 4\u00ba da Resolu\u00e7\u00e3o n\u00ba 04\/95 \u2013 COUN, a fun\u00e7\u00e3o de Coordenadora de Curso de P\u00f3s-Gradua\u00e7\u00e3o do Setor de Ci\u00eancias Sociais Aplicadas, FCC \u2013 Fun\u00e7\u00e3o Comissionada de Coordena\u00e7\u00e3o de Curso (Programa de P\u00f3s- Gradua\u00e7\u00e3o em Administra\u00e7\u00e3o), autorizada pela Lei n\u00ba 12.677, de 25 de junho de 2012, publicado no DOU de 26.06.2012 e Portaria\/MEC n\u00ba 1.172, de 17 de setembro de 2012,  partir da data de publica\u00e7\u00e3o em DOU desta Portaria at\u00e9 21 de dezembro de 2019, t\u00e9rmino do mandato.<\/p><p> III. A mencionada docente cumprir\u00e1, obrigatoriamente, o regime de trabalho de tempo integral, de acordo com o disposto no \u00a7 5\u00ba, artigo 1\u00ba da Lei n\u00ba 8.168\/91.<\/p><p><\/p>\n\n\n<div style=\"height:15px\" aria-hidden=\"true\" class=\"wp-block-spacer\"><\/div>\n\n\n<div class=\"wp-block-buttons is-content-justification-right is-layout-flex wp-container-core-buttons-is-layout-1 wp-block-buttons-is-layout-flex\">\n<div class=\"wp-block-button has-custom-font-size is-style-outline has-small-font-size is-style-outline--1\"><a class=\"wp-block-button__link\" href=\"https:\/\/progepe.ufpr.br\/portarias\/wp-content\/uploads\/pcp\/RT\/2019\/673R.pdf\" style=\"border-radius:0px\" target=\"_blank\" rel=\"noreferrer noopener\">Acesse o arquivo da portaria<\/a><\/div><\/div>\n","protected":false},"excerpt":{"rendered":"<p>I. Exonerar, a partir da data de publica\u00e7\u00e3o em DOU desta Portaria, a servidora ANA MARIA MACHADO TOALDO &#8211; 1615099, da fun\u00e7\u00e3o de Vice-Coordenadora do Programa de P\u00f3s-Gradua\u00e7\u00e3o em Administra\u00e7\u00e3o do Setor de Ci\u00eancias Sociais Aplicadas. II. Designar a servidora ANA MARIA MACHADO TOALDO &#8211; 1615099, ocupante do cargo de Professora, no regime de trabalho de dedica\u00e7\u00e3o exclusiva, para exercer, de acordo com o Art. 2\u00ba, II, combinado com o Art. 4\u00ba da Resolu\u00e7\u00e3o n\u00ba 04\/95 \u2013 COUN, a fun\u00e7\u00e3o de Coordenadora de Curso de P\u00f3s-Gradua\u00e7\u00e3o do Setor de Ci\u00eancias Sociais Aplicadas, FCC \u2013 Fun\u00e7\u00e3o Comissionada de Coordena\u00e7\u00e3o<\/p>\n","protected":false},"author":41,"featured_media":0,"comment_status":"closed","ping_status":"open","sticky":false,"template":"","format":"standard","meta":{"_acf_changed":false,"iawp_total_views":0,"footnotes":""},"categories":[117],"tags":[243],"class_list":["post-70523","post","type-post","status-publish","format-standard","hentry","category-rt","tag-coordenador-vice"],"acf":[],"_links":{"self":[{"href":"https:\/\/progepe.ufpr.br\/portarias\/wp-json\/wp\/v2\/posts\/70523","targetHints":{"allow":["GET"]}}],"collection":[{"href":"https:\/\/progepe.ufpr.br\/portarias\/wp-json\/wp\/v2\/posts"}],"about":[{"href":"https:\/\/progepe.ufpr.br\/portarias\/wp-json\/wp\/v2\/types\/post"}],"author":[{"embeddable":true,"href":"https:\/\/progepe.ufpr.br\/portarias\/wp-json\/wp\/v2\/users\/41"}],"replies":[{"embeddable":true,"href":"https:\/\/progepe.ufpr.br\/portarias\/wp-json\/wp\/v2\/comments?post=70523"}],"version-history":[{"count":1,"href":"https:\/\/progepe.ufpr.br\/portarias\/wp-json\/wp\/v2\/posts\/70523\/revisions"}],"predecessor-version":[{"id":125872,"href":"https:\/\/progepe.ufpr.br\/portarias\/wp-json\/wp\/v2\/posts\/70523\/revisions\/125872"}],"wp:attachment":[{"href":"https:\/\/progepe.ufpr.br\/portarias\/wp-json\/wp\/v2\/media?parent=70523"}],"wp:term":[{"taxonomy":"category","embeddable":true,"href":"https:\/\/progepe.ufpr.br\/portarias\/wp-json\/wp\/v2\/categories?post=70523"},{"taxonomy":"post_tag","embeddable":true,"href":"https:\/\/progepe.ufpr.br\/portarias\/wp-json\/wp\/v2\/tags?post=70523"}],"curies":[{"name":"wp","href":"https:\/\/api.w.org\/{rel}","templated":true}]}}