{"id":70575,"date":"2019-09-23T05:03:00","date_gmt":"2019-09-23T08:03:00","guid":{"rendered":"http:\/\/progepe.ufpr.br\/portarias\/rt-2019-00792\/"},"modified":"2024-10-21T16:14:43","modified_gmt":"2024-10-21T19:14:43","slug":"rt-2019-00792","status":"publish","type":"post","link":"https:\/\/progepe.ufpr.br\/portarias\/rt-2019-00792\/","title":{"rendered":"PORTARIA N\u00ba 00792\/REITORIA, DE 23 DE SETEMBRO DE 2019"},"content":{"rendered":"\n<p style=\"padding-left:43%\">O Reitor da Universidade Federal do Paran\u00e1, no uso de suas atribui\u00e7\u00f5es, tendo em vista a compet\u00eancia que lhe \u00e9 conferida pela Portaria MEC n\u00ba 451, de 09 de abril de 2010, com fundamento no Art. 132, incisos III e XIII, da Lei n\u00ba 8.112\/1990, e o que consta no processo n\u00ba 23075.079973\/2015-98,<\/p>\n\n\n\n<p style=\"padding-left:43%\"><strong>RESOLVE:<\/strong><\/p>\n\n\n\n<p>I. Demitir MARIO LUIZ LUVIZOTTO do cargo de M\u00e9dico &#8211; \u00c1rea do Quadro de Pessoal Permanente da Universidade Federal do Paran\u00e1, de matr\u00edculas funcionais n\u00ba 6342901 (SIAPE) e n\u00ba 163562 (UFPR), de acordo com as recomenda\u00e7\u00f5es da Procuradoria Federal junto \u00e0 Universidade Federal do Paran\u00e1, contidas no Parecer n\u00ba 00179\/2019-GAB\/PROC\/PFUFPR\/PGF\/AGU e Despacho n\u00ba 00253\/2019-GAB\/PROC\/PFUFPR\/PGF\/AGU, em raz\u00e3o de ter cometido as infra\u00e7\u00f5es de participa\u00e7\u00e3o de ger\u00eancia ou administra\u00e7\u00e3o de sociedade privada e de inassiduidade habitual, previstas nos Art. 117, inciso X, e 139, ambos da Lei n\u00ba 8.112\/1990, respectivamente.<\/p>\n\n\n\n<p>II. Esta Portaria entra em vigor na data de sua publica\u00e7\u00e3o no Di\u00e1rio Oficial da Uni\u00e3o.<\/p>\n","protected":false},"excerpt":{"rendered":"<p>I. Demitir MARIO LUIZ LUVIZOTTO do cargo de M\u00e9dico &#8211; \u00c1rea do Quadro de Pessoal Permanente da Universidade Federal do Paran\u00e1, de matr\u00edculas funcionais n\u00ba 6342901 (SIAPE) e n\u00ba 163562 (UFPR), de acordo com as recomenda\u00e7\u00f5es da Procuradoria Federal junto \u00e0 Universidade Federal do Paran\u00e1, contidas no Parecer n\u00ba 00179\/2019-GAB\/PROC\/PFUFPR\/PGF\/AGU e Despacho n\u00ba 00253\/2019-GAB\/PROC\/PFUFPR\/PGF\/AGU, em raz\u00e3o de ter cometido as infra\u00e7\u00f5es de participa\u00e7\u00e3o de ger\u00eancia ou administra\u00e7\u00e3o de sociedade privada e de inassiduidade habitual, previstas nos Art. 117, inciso X, e 139, ambos da Lei n\u00ba 8.112\/1990, respectivamente.  II. Esta Portaria entra em vigor na data de<\/p>\n","protected":false},"author":41,"featured_media":0,"comment_status":"closed","ping_status":"open","sticky":false,"template":"","format":"standard","meta":{"_acf_changed":false,"iawp_total_views":16,"footnotes":""},"categories":[117],"tags":[131],"class_list":["post-70575","post","type-post","status-publish","format-standard","hentry","category-rt","tag-demissao"],"acf":[],"_links":{"self":[{"href":"https:\/\/progepe.ufpr.br\/portarias\/wp-json\/wp\/v2\/posts\/70575","targetHints":{"allow":["GET"]}}],"collection":[{"href":"https:\/\/progepe.ufpr.br\/portarias\/wp-json\/wp\/v2\/posts"}],"about":[{"href":"https:\/\/progepe.ufpr.br\/portarias\/wp-json\/wp\/v2\/types\/post"}],"author":[{"embeddable":true,"href":"https:\/\/progepe.ufpr.br\/portarias\/wp-json\/wp\/v2\/users\/41"}],"replies":[{"embeddable":true,"href":"https:\/\/progepe.ufpr.br\/portarias\/wp-json\/wp\/v2\/comments?post=70575"}],"version-history":[{"count":2,"href":"https:\/\/progepe.ufpr.br\/portarias\/wp-json\/wp\/v2\/posts\/70575\/revisions"}],"predecessor-version":[{"id":257986,"href":"https:\/\/progepe.ufpr.br\/portarias\/wp-json\/wp\/v2\/posts\/70575\/revisions\/257986"}],"wp:attachment":[{"href":"https:\/\/progepe.ufpr.br\/portarias\/wp-json\/wp\/v2\/media?parent=70575"}],"wp:term":[{"taxonomy":"category","embeddable":true,"href":"https:\/\/progepe.ufpr.br\/portarias\/wp-json\/wp\/v2\/categories?post=70575"},{"taxonomy":"post_tag","embeddable":true,"href":"https:\/\/progepe.ufpr.br\/portarias\/wp-json\/wp\/v2\/tags?post=70575"}],"curies":[{"name":"wp","href":"https:\/\/api.w.org\/{rel}","templated":true}]}}