{"id":70595,"date":"2019-06-05T05:06:00","date_gmt":"2019-06-05T08:06:00","guid":{"rendered":"http:\/\/progepe.ufpr.br\/portarias\/rt-2019-00454\/"},"modified":"2023-08-03T13:15:21","modified_gmt":"2023-08-03T16:15:21","slug":"rt-2019-00454","status":"publish","type":"post","link":"https:\/\/progepe.ufpr.br\/portarias\/rt-2019-00454\/","title":{"rendered":"PORTARIA N\u00ba 00454\/REITORIA, DE 05 DE JUNHO DE 2019"},"content":{"rendered":"\n<p>O Reitor da Universidade Federal do Paran\u00e1, no uso de suas atribui\u00e7\u00f5es e tendo em vista o que consta no processo n\u00ba 23075.035751\/2019-97,<\/p>\n\n\n<p><strong>RESOLVE:<\/strong><\/p>\n\n\n<p>I. Designar os servidores ROBSON TADEU BOLZON &#8211; 1114801, Professor do Magist\u00e9rio Superior e LUIS LOPES DINIZ FILHO &#8211; 1295547, Professor do Magist\u00e9rio Superior, como membros Titular e Suplente, respectivamente, do Setor de Ci\u00eancias da Terra junto ao Comit\u00ea de Assuntos Relacionados ao Patrim\u00f4nio Gen\u00e9tico &#8211; CARPG, institu\u00eddo pela Portaria n\u00ba 377\/REITORIA, de 24 de abril de 2019.<\/p><p> II. Designar, em substitui\u00e7\u00e3o ao servidor CARLOS ROBERTO SOARES &#8211; 342965, Professor do Magist\u00e9rio Superior, o servidor RODOLFO LUIS PETERSEN &#8211; 1721169, Professor do Magist\u00e9rio Superior, como membro Suplente do Centro de Estudos do Mar junto ao citado Comit\u00ea.<\/p><p><\/p>\n\n\n<div style=\"height:15px\" aria-hidden=\"true\" class=\"wp-block-spacer\"><\/div>\n\n\n<div class=\"wp-block-buttons is-content-justification-right is-layout-flex wp-container-core-buttons-is-layout-1 wp-block-buttons-is-layout-flex\">\n<div class=\"wp-block-button has-custom-font-size is-style-outline has-small-font-size is-style-outline--1\"><a class=\"wp-block-button__link\" href=\"https:\/\/progepe.ufpr.br\/portarias\/wp-content\/uploads\/pcp\/RT\/2019\/454R.pdf\" style=\"border-radius:0px\" target=\"_blank\" rel=\"noreferrer noopener\">Acesse o arquivo da portaria<\/a><\/div><\/div>\n","protected":false},"excerpt":{"rendered":"<p>I. Designar os servidores ROBSON TADEU BOLZON &#8211; 1114801, Professor do Magist\u00e9rio Superior e LUIS LOPES DINIZ FILHO &#8211; 1295547, Professor do Magist\u00e9rio Superior, como membros Titular e Suplente, respectivamente, do Setor de Ci\u00eancias da Terra junto ao Comit\u00ea de Assuntos Relacionados ao Patrim\u00f4nio Gen\u00e9tico &#8211; CARPG, institu\u00eddo pela Portaria n\u00ba 377\/REITORIA, de 24 de abril de 2019. II. Designar, em substitui\u00e7\u00e3o ao servidor CARLOS ROBERTO SOARES &#8211; 342965, Professor do Magist\u00e9rio Superior, o servidor RODOLFO LUIS PETERSEN &#8211; 1721169, Professor do Magist\u00e9rio Superior, como membro Suplente do Centro de Estudos do Mar junto ao citado Comit\u00ea.<\/p>\n","protected":false},"author":41,"featured_media":0,"comment_status":"closed","ping_status":"open","sticky":false,"template":"","format":"standard","meta":{"_acf_changed":false,"iawp_total_views":1,"footnotes":""},"categories":[117],"tags":[119],"class_list":["post-70595","post","type-post","status-publish","format-standard","hentry","category-rt","tag-diversos"],"acf":[],"_links":{"self":[{"href":"https:\/\/progepe.ufpr.br\/portarias\/wp-json\/wp\/v2\/posts\/70595","targetHints":{"allow":["GET"]}}],"collection":[{"href":"https:\/\/progepe.ufpr.br\/portarias\/wp-json\/wp\/v2\/posts"}],"about":[{"href":"https:\/\/progepe.ufpr.br\/portarias\/wp-json\/wp\/v2\/types\/post"}],"author":[{"embeddable":true,"href":"https:\/\/progepe.ufpr.br\/portarias\/wp-json\/wp\/v2\/users\/41"}],"replies":[{"embeddable":true,"href":"https:\/\/progepe.ufpr.br\/portarias\/wp-json\/wp\/v2\/comments?post=70595"}],"version-history":[{"count":1,"href":"https:\/\/progepe.ufpr.br\/portarias\/wp-json\/wp\/v2\/posts\/70595\/revisions"}],"predecessor-version":[{"id":125942,"href":"https:\/\/progepe.ufpr.br\/portarias\/wp-json\/wp\/v2\/posts\/70595\/revisions\/125942"}],"wp:attachment":[{"href":"https:\/\/progepe.ufpr.br\/portarias\/wp-json\/wp\/v2\/media?parent=70595"}],"wp:term":[{"taxonomy":"category","embeddable":true,"href":"https:\/\/progepe.ufpr.br\/portarias\/wp-json\/wp\/v2\/categories?post=70595"},{"taxonomy":"post_tag","embeddable":true,"href":"https:\/\/progepe.ufpr.br\/portarias\/wp-json\/wp\/v2\/tags?post=70595"}],"curies":[{"name":"wp","href":"https:\/\/api.w.org\/{rel}","templated":true}]}}