{"id":70599,"date":"2019-06-25T05:01:00","date_gmt":"2019-06-25T08:01:00","guid":{"rendered":"http:\/\/progepe.ufpr.br\/portarias\/rt-2019-00493\/"},"modified":"2024-12-13T08:54:22","modified_gmt":"2024-12-13T11:54:22","slug":"rt-2019-00493","status":"publish","type":"post","link":"https:\/\/progepe.ufpr.br\/portarias\/rt-2019-00493\/","title":{"rendered":"PORTARIA N\u00ba 00493\/REITORIA, DE 25 DE JUNHO DE 2019"},"content":{"rendered":"\n<p>O Reitor da Universidade Federal do Paran\u00e1, no uso de suas atribui\u00e7\u00f5es e tendo em vista o que consta no processo n\u00ba 23075.041653\/2019-99,<\/p>\n\n\n<p><strong>RESOLVE:<\/strong><\/p>\n\n\n<p>Designar, a partir de 19 de junho de 2019, a servidora LARISSA LIZ ODRESKI RAMINA &#8211; 2974859, Coordenadora de Inicia\u00e7\u00e3o Cient\u00edfica e Integra\u00e7\u00e3o Acad\u00eamica da Pr\u00f3-Reitoria de Pesquisa e P\u00f3s-Gradua\u00e7\u00e3o, como ordenadora de despesas da citada Pr\u00f3-Reitoria nos impedimentos do Pr\u00f3-Reitor de Pesquisa e P\u00f3s-Gradua\u00e7\u00e3o, FRANCISCO DE ASSIS MENDON\u00c7A &#8211; 3197912.<\/p><p><\/p>\n\n\n<div style=\"height:15px\" aria-hidden=\"true\" class=\"wp-block-spacer\"><\/div>\n\n\n<div class=\"wp-block-buttons is-content-justification-right is-layout-flex wp-container-core-buttons-is-layout-1 wp-block-buttons-is-layout-flex\">\n<div class=\"wp-block-button has-custom-font-size is-style-outline has-small-font-size is-style-outline--1\"><a class=\"wp-block-button__link\" href=\"https:\/\/progepe.ufpr.br\/portarias\/wp-content\/uploads\/pcp\/RT\/2019\/493R.pdf\" style=\"border-radius:0px\" target=\"_blank\" rel=\"noreferrer noopener\">Acesse o arquivo da portaria<\/a><\/div><\/div>\n","protected":false},"excerpt":{"rendered":"<p>Designar, a partir de 19 de junho de 2019, a servidora LARISSA LIZ ODRESKI RAMINA &#8211; 2974859, Coordenadora de Inicia\u00e7\u00e3o Cient\u00edfica e Integra\u00e7\u00e3o Acad\u00eamica da Pr\u00f3-Reitoria de Pesquisa e P\u00f3s-Gradua\u00e7\u00e3o, como ordenadora de despesas da citada Pr\u00f3-Reitoria nos impedimentos do Pr\u00f3-Reitor de Pesquisa e P\u00f3s-Gradua\u00e7\u00e3o, FRANCISCO DE ASSIS MENDON\u00c7A &#8211; 3197912.<\/p>\n","protected":false},"author":41,"featured_media":0,"comment_status":"closed","ping_status":"open","sticky":false,"template":"","format":"standard","meta":{"_acf_changed":false,"iawp_total_views":0,"footnotes":""},"categories":[117],"tags":[119],"class_list":["post-70599","post","type-post","status-publish","format-standard","hentry","category-rt","tag-diversos"],"acf":[],"_links":{"self":[{"href":"https:\/\/progepe.ufpr.br\/portarias\/wp-json\/wp\/v2\/posts\/70599","targetHints":{"allow":["GET"]}}],"collection":[{"href":"https:\/\/progepe.ufpr.br\/portarias\/wp-json\/wp\/v2\/posts"}],"about":[{"href":"https:\/\/progepe.ufpr.br\/portarias\/wp-json\/wp\/v2\/types\/post"}],"author":[{"embeddable":true,"href":"https:\/\/progepe.ufpr.br\/portarias\/wp-json\/wp\/v2\/users\/41"}],"replies":[{"embeddable":true,"href":"https:\/\/progepe.ufpr.br\/portarias\/wp-json\/wp\/v2\/comments?post=70599"}],"version-history":[{"count":2,"href":"https:\/\/progepe.ufpr.br\/portarias\/wp-json\/wp\/v2\/posts\/70599\/revisions"}],"predecessor-version":[{"id":258121,"href":"https:\/\/progepe.ufpr.br\/portarias\/wp-json\/wp\/v2\/posts\/70599\/revisions\/258121"}],"wp:attachment":[{"href":"https:\/\/progepe.ufpr.br\/portarias\/wp-json\/wp\/v2\/media?parent=70599"}],"wp:term":[{"taxonomy":"category","embeddable":true,"href":"https:\/\/progepe.ufpr.br\/portarias\/wp-json\/wp\/v2\/categories?post=70599"},{"taxonomy":"post_tag","embeddable":true,"href":"https:\/\/progepe.ufpr.br\/portarias\/wp-json\/wp\/v2\/tags?post=70599"}],"curies":[{"name":"wp","href":"https:\/\/api.w.org\/{rel}","templated":true}]}}