{"id":70603,"date":"2019-07-23T05:03:00","date_gmt":"2019-07-23T08:03:00","guid":{"rendered":"http:\/\/progepe.ufpr.br\/portarias\/rt-2019-00574\/"},"modified":"2024-12-13T08:53:00","modified_gmt":"2024-12-13T11:53:00","slug":"rt-2019-00574","status":"publish","type":"post","link":"https:\/\/progepe.ufpr.br\/portarias\/rt-2019-00574\/","title":{"rendered":"PORTARIA N\u00ba 00574\/REITORIA, DE 23 DE JULHO DE 2019"},"content":{"rendered":"\n<p style=\"padding-left:43%\">A Vice-Reitora da Universidade Federal do Paran\u00e1, no exerc\u00edcio do cargo de Reitora, no uso de suas atribui\u00e7\u00f5es e tendo em vista o que consta no processo n\u00ba 23075.047898\/2019-20,<\/p>\n\n\n\n<p style=\"padding-left:43%\"><strong>RESOLVE:<\/strong><\/p>\n\n\n\n<p>I. Designar, a partir de 01 de agosto de 2019, o servidor BERNARDO DE ALMEIDA VILLANUEVA &#8211; 1886077, como ordenador de despesas da Pr\u00f3-Reitoria de Administra\u00e7\u00e3o nos impedimentos do Pr\u00f3-Reitor de Administra\u00e7\u00e3o, MARCO ANTONIO RIBAS CAVALIERI &#8211; 1788541.<\/p>\n\n\n\n<p>II. Cessar os efeitos da <a href=\"https:\/\/progepe.ufpr.br\/portarias\/rt-2018-00528\/\" data-type=\"post\" data-id=\"75697\">Portaria n\u00ba 528\/REITORIA, de 21 de setembro de 2018<\/a>.<\/p>\n","protected":false},"excerpt":{"rendered":"<p>I. Designar, a partir de 01 de agosto de 2019, o servidor BERNARDO DE ALMEIDA VILLANUEVA &#8211; 1886077, como ordenador de despesas da Pr\u00f3-Reitoria de Administra\u00e7\u00e3o nos impedimentos do Pr\u00f3-Reitor de Administra\u00e7\u00e3o, MARCO ANTONIO RIBAS CAVALIERI &#8211; 1788541.<br \/>\nII. Cessar os efeitos da Portaria n\u00ba 528\/REITORIA, de 21 de setembro de 2018.<\/p>\n","protected":false},"author":41,"featured_media":0,"comment_status":"closed","ping_status":"open","sticky":false,"template":"","format":"standard","meta":{"_acf_changed":false,"iawp_total_views":0,"footnotes":""},"categories":[117],"tags":[119],"class_list":["post-70603","post","type-post","status-publish","format-standard","hentry","category-rt","tag-diversos"],"acf":[],"_links":{"self":[{"href":"https:\/\/progepe.ufpr.br\/portarias\/wp-json\/wp\/v2\/posts\/70603","targetHints":{"allow":["GET"]}}],"collection":[{"href":"https:\/\/progepe.ufpr.br\/portarias\/wp-json\/wp\/v2\/posts"}],"about":[{"href":"https:\/\/progepe.ufpr.br\/portarias\/wp-json\/wp\/v2\/types\/post"}],"author":[{"embeddable":true,"href":"https:\/\/progepe.ufpr.br\/portarias\/wp-json\/wp\/v2\/users\/41"}],"replies":[{"embeddable":true,"href":"https:\/\/progepe.ufpr.br\/portarias\/wp-json\/wp\/v2\/comments?post=70603"}],"version-history":[{"count":3,"href":"https:\/\/progepe.ufpr.br\/portarias\/wp-json\/wp\/v2\/posts\/70603\/revisions"}],"predecessor-version":[{"id":258119,"href":"https:\/\/progepe.ufpr.br\/portarias\/wp-json\/wp\/v2\/posts\/70603\/revisions\/258119"}],"wp:attachment":[{"href":"https:\/\/progepe.ufpr.br\/portarias\/wp-json\/wp\/v2\/media?parent=70603"}],"wp:term":[{"taxonomy":"category","embeddable":true,"href":"https:\/\/progepe.ufpr.br\/portarias\/wp-json\/wp\/v2\/categories?post=70603"},{"taxonomy":"post_tag","embeddable":true,"href":"https:\/\/progepe.ufpr.br\/portarias\/wp-json\/wp\/v2\/tags?post=70603"}],"curies":[{"name":"wp","href":"https:\/\/api.w.org\/{rel}","templated":true}]}}