{"id":70605,"date":"2019-08-20T05:00:00","date_gmt":"2019-08-20T08:00:00","guid":{"rendered":"http:\/\/progepe.ufpr.br\/portarias\/rt-2019-00691\/"},"modified":"2023-08-03T13:15:53","modified_gmt":"2023-08-03T16:15:53","slug":"rt-2019-00691","status":"publish","type":"post","link":"https:\/\/progepe.ufpr.br\/portarias\/rt-2019-00691\/","title":{"rendered":"PORTARIA N\u00ba 00691\/REITORIA, DE 20 DE AGOSTO DE 2019"},"content":{"rendered":"\n<p>O Reitor da Universidade Federal do Paran\u00e1, no uso de suas atribui\u00e7\u00f5es e tendo em vista o que consta no processo n\u00ba 23075.036711\/2019-62,<\/p>\n\n\n<p><strong>RESOLVE:<\/strong><\/p>\n\n\n<p>Delegar compet\u00eancia \u00e0 servidora DANIELA RESENDE ARCHANJO &#8211; 2683468, professora, ocupante da fun\u00e7\u00e3o de Coordenadora de Curso de Gradua\u00e7\u00e3o do Setor Litoral, FCC \u2013 Fun\u00e7\u00e3o Comissionada de Coordena\u00e7\u00e3o de Curso (Curso de Administra\u00e7\u00e3o P\u00fablica), conforme Portaria n\u00ba658\/REITORIA, de 15 de agosto de 2019, publicada no Di\u00e1rio Oficial da Uni\u00e3o de 20 de agosto de 2019, se\u00e7\u00e3o 2, p\u00e1g. 32, para responder concomitantemente pela Coordena\u00e7\u00e3o do Curso de Gest\u00e3o P\u00fablica do Setor Litoral, em extin\u00e7\u00e3o gradativa, conforme Resolu\u00e7\u00e3o n\u00ba 17\/16\u2013COUN, at\u00e9 19 de agosto de 2021, t\u00e9rmino do mandato.<\/p><p><\/p>\n\n\n<div style=\"height:15px\" aria-hidden=\"true\" class=\"wp-block-spacer\"><\/div>\n\n\n<div class=\"wp-block-buttons is-content-justification-right is-layout-flex wp-container-core-buttons-is-layout-1 wp-block-buttons-is-layout-flex\">\n<div class=\"wp-block-button has-custom-font-size is-style-outline has-small-font-size is-style-outline--1\"><a class=\"wp-block-button__link\" href=\"https:\/\/progepe.ufpr.br\/portarias\/wp-content\/uploads\/pcp\/RT\/2019\/691R.pdf\" style=\"border-radius:0px\" target=\"_blank\" rel=\"noreferrer noopener\">Acesse o arquivo da portaria<\/a><\/div><\/div>\n","protected":false},"excerpt":{"rendered":"<p>Delegar compet\u00eancia \u00e0 servidora DANIELA RESENDE ARCHANJO &#8211; 2683468, professora, ocupante da fun\u00e7\u00e3o de Coordenadora de Curso de Gradua\u00e7\u00e3o do Setor Litoral, FCC \u2013 Fun\u00e7\u00e3o Comissionada de Coordena\u00e7\u00e3o de Curso (Curso de Administra\u00e7\u00e3o P\u00fablica), conforme Portaria n\u00ba658\/REITORIA, de 15 de agosto de 2019, publicada no Di\u00e1rio Oficial da Uni\u00e3o de 20 de agosto de 2019, se\u00e7\u00e3o 2, p\u00e1g. 32, para responder concomitantemente pela Coordena\u00e7\u00e3o do Curso de Gest\u00e3o P\u00fablica do Setor Litoral, em extin\u00e7\u00e3o gradativa, conforme Resolu\u00e7\u00e3o n\u00ba 17\/16\u2013COUN, at\u00e9 19 de agosto de 2021, t\u00e9rmino do mandato.  {&#8220;height&#8221;:&#8221;15px&#8221;} <\/p>\n<div style=\"height:15px\" aria-hidden=\"true\" class=\"wp-block-spacer\"> <!-- \/wp:spacer  {\"layout\":{\"type\":\"flex\",\"justifyContent\":\"right\"}}\n<\/p>\n","protected":false},"author":41,"featured_media":0,"comment_status":"closed","ping_status":"open","sticky":false,"template":"","format":"standard","meta":{"_acf_changed":false,"iawp_total_views":0,"footnotes":""},"categories":[117],"tags":[119],"class_list":["post-70605","post","type-post","status-publish","format-standard","hentry","category-rt","tag-diversos"],"acf":[],"_links":{"self":[{"href":"https:\/\/progepe.ufpr.br\/portarias\/wp-json\/wp\/v2\/posts\/70605","targetHints":{"allow":["GET"]}}],"collection":[{"href":"https:\/\/progepe.ufpr.br\/portarias\/wp-json\/wp\/v2\/posts"}],"about":[{"href":"https:\/\/progepe.ufpr.br\/portarias\/wp-json\/wp\/v2\/types\/post"}],"author":[{"embeddable":true,"href":"https:\/\/progepe.ufpr.br\/portarias\/wp-json\/wp\/v2\/users\/41"}],"replies":[{"embeddable":true,"href":"https:\/\/progepe.ufpr.br\/portarias\/wp-json\/wp\/v2\/comments?post=70605"}],"version-history":[{"count":1,"href":"https:\/\/progepe.ufpr.br\/portarias\/wp-json\/wp\/v2\/posts\/70605\/revisions"}],"predecessor-version":[{"id":125952,"href":"https:\/\/progepe.ufpr.br\/portarias\/wp-json\/wp\/v2\/posts\/70605\/revisions\/125952"}],"wp:attachment":[{"href":"https:\/\/progepe.ufpr.br\/portarias\/wp-json\/wp\/v2\/media?parent=70605"}],"wp:term":[{"taxonomy":"category","embeddable":true,"href":"https:\/\/progepe.ufpr.br\/portarias\/wp-json\/wp\/v2\/categories?post=70605"},{"taxonomy":"post_tag","embeddable":true,"href":"https:\/\/progepe.ufpr.br\/portarias\/wp-json\/wp\/v2\/tags?post=70605"}],"curies":[{"name":"wp","href":"https:\/\/api.w.org\/{rel}","templated":true}]}}