{"id":70616,"date":"2019-08-07T05:05:00","date_gmt":"2019-08-07T08:05:00","guid":{"rendered":"http:\/\/progepe.ufpr.br\/portarias\/rt-2019-00622\/"},"modified":"2023-08-03T13:15:44","modified_gmt":"2023-08-03T16:15:44","slug":"rt-2019-00622","status":"publish","type":"post","link":"https:\/\/progepe.ufpr.br\/portarias\/rt-2019-00622\/","title":{"rendered":"PORTARIA N\u00ba 00622\/REITORIA, DE 07 DE AGOSTO DE 2019"},"content":{"rendered":"\n<p>O Reitor da Universidade Federal do Paran\u00e1, no uso de suas atribui\u00e7\u00f5es, e considerando o que consta do processo n\u00ba 23075.049583\/2019-17,<\/p>\n\n\n<p><strong>RESOLVE:<\/strong><\/p>\n\n\n<p>I. Declarar vago, a partir de 07 de agosto de 2019, o cargo de Arquivista, ocupado por TIAGO VINICIOS POLICARPO CORTES \u2013 1775199, lotado na Unidade de Arquivo Funcional do DAP da Pr\u00f3-Reitoria de Gest\u00e3o de Pessoas, em virtude de posse em outro cargo p\u00fablico inacumul\u00e1vel, de acordo com o disposto no Artigo 33 da Lei n\u00ba 8.112\/90.<\/p><p> II. Considerando que o servidor n\u00e3o adquiriu a estabilidade prevista no Art. 21 da Lei n\u00ba 8.112\/90, a presente declara\u00e7\u00e3o de vac\u00e2ncia n\u00e3o gera direito \u00e0 recondu\u00e7\u00e3o estabelecida no Art. 29 da citada Lei.<\/p><p><\/p>\n\n\n<div style=\"height:15px\" aria-hidden=\"true\" class=\"wp-block-spacer\"><\/div>\n\n\n<div class=\"wp-block-buttons is-content-justification-right is-layout-flex wp-container-core-buttons-is-layout-1 wp-block-buttons-is-layout-flex\">\n<div class=\"wp-block-button has-custom-font-size is-style-outline has-small-font-size is-style-outline--1\"><a class=\"wp-block-button__link\" href=\"https:\/\/progepe.ufpr.br\/portarias\/wp-content\/uploads\/pcp\/RT\/2019\/622R.pdf\" style=\"border-radius:0px\" target=\"_blank\" rel=\"noreferrer noopener\">Acesse o arquivo da portaria<\/a><\/div><\/div>\n","protected":false},"excerpt":{"rendered":"<p>I. Declarar vago, a partir de 07 de agosto de 2019, o cargo de Arquivista, ocupado por TIAGO VINICIOS POLICARPO CORTES \u2013 1775199, lotado na Unidade de Arquivo Funcional do DAP da Pr\u00f3-Reitoria de Gest\u00e3o de Pessoas, em virtude de posse em outro cargo p\u00fablico inacumul\u00e1vel, de acordo com o disposto no Artigo 33 da Lei n\u00ba 8.112\/90. II. Considerando que o servidor n\u00e3o adquiriu a estabilidade prevista no Art. 21 da Lei n\u00ba 8.112\/90, a presente declara\u00e7\u00e3o de vac\u00e2ncia n\u00e3o gera direito \u00e0 recondu\u00e7\u00e3o estabelecida no Art. 29 da citada Lei.  {&#8220;height&#8221;:&#8221;15px&#8221;} <\/p>\n<div style=\"height:15px\" aria-hidden=\"true\" class=\"wp-block-spacer\">\n","protected":false},"author":41,"featured_media":0,"comment_status":"closed","ping_status":"open","sticky":false,"template":"","format":"standard","meta":{"_acf_changed":false,"iawp_total_views":1,"footnotes":""},"categories":[117],"tags":[122],"class_list":["post-70616","post","type-post","status-publish","format-standard","hentry","category-rt","tag-exoneracao"],"acf":[],"_links":{"self":[{"href":"https:\/\/progepe.ufpr.br\/portarias\/wp-json\/wp\/v2\/posts\/70616","targetHints":{"allow":["GET"]}}],"collection":[{"href":"https:\/\/progepe.ufpr.br\/portarias\/wp-json\/wp\/v2\/posts"}],"about":[{"href":"https:\/\/progepe.ufpr.br\/portarias\/wp-json\/wp\/v2\/types\/post"}],"author":[{"embeddable":true,"href":"https:\/\/progepe.ufpr.br\/portarias\/wp-json\/wp\/v2\/users\/41"}],"replies":[{"embeddable":true,"href":"https:\/\/progepe.ufpr.br\/portarias\/wp-json\/wp\/v2\/comments?post=70616"}],"version-history":[{"count":1,"href":"https:\/\/progepe.ufpr.br\/portarias\/wp-json\/wp\/v2\/posts\/70616\/revisions"}],"predecessor-version":[{"id":125963,"href":"https:\/\/progepe.ufpr.br\/portarias\/wp-json\/wp\/v2\/posts\/70616\/revisions\/125963"}],"wp:attachment":[{"href":"https:\/\/progepe.ufpr.br\/portarias\/wp-json\/wp\/v2\/media?parent=70616"}],"wp:term":[{"taxonomy":"category","embeddable":true,"href":"https:\/\/progepe.ufpr.br\/portarias\/wp-json\/wp\/v2\/categories?post=70616"},{"taxonomy":"post_tag","embeddable":true,"href":"https:\/\/progepe.ufpr.br\/portarias\/wp-json\/wp\/v2\/tags?post=70616"}],"curies":[{"name":"wp","href":"https:\/\/api.w.org\/{rel}","templated":true}]}}