{"id":70675,"date":"2019-07-26T05:03:00","date_gmt":"2019-07-26T08:03:00","guid":{"rendered":"http:\/\/progepe.ufpr.br\/portarias\/rt-2019-00583\/"},"modified":"2023-09-21T13:51:45","modified_gmt":"2023-09-21T16:51:45","slug":"rt-2019-00583","status":"publish","type":"post","link":"https:\/\/progepe.ufpr.br\/portarias\/rt-2019-00583\/","title":{"rendered":"PORTARIA N\u00ba 00583\/REITORIA, DE 26 DE JULHO DE 2019"},"content":{"rendered":"\n<p style=\"padding-left:43%\">A Vice-Reitora da Universidade Federal do Paran\u00e1, no exerc\u00edcio do cargo de Reitora, no uso de suas atribui\u00e7\u00f5es considerando o que consta no artigo 9\u00ba, inciso II da Lei n\u00ba 8.112\/90 e tendo em vista o que consta no processo n\u00ba 23075.042842\/2019-89,<\/p>\n\n\n\n<p style=\"padding-left:43%\"><strong>RESOLVE:<\/strong><\/p>\n\n\n\n<p>I. Exonerar, a partir da data de publica\u00e7\u00e3o em DOU desta Portaria, o servidor WENDELL RICARDO DE SOUZA &#8211; 2162212, da fun\u00e7\u00e3o gratificada de Chefe, FG-03, da Se\u00e7\u00e3o de Patrim\u00f4nio e Inform\u00e1tica do Centro de Estudos do Mar do Setor de Ci\u00eancias da Terra.<\/p>\n\n\n\n<p>II. Nomear, a partir da data de publica\u00e7\u00e3o em DOU desta Portaria, o servidor WENDELL RICARDO DE SOUZA &#8211; 2162212, ocupante do cargo de T\u00e9cnico de Tecnologia da Informa\u00e7\u00e3o, lotado no Centro de Estudos do Mar do Setor de Ci\u00eancias da Terra, no regime de trabalho de 40 (quarenta) horas semanais, para exercer a fun\u00e7\u00e3o gratificada de Chefe, FG-04, da Se\u00e7\u00e3o de Patrim\u00f4nio e Inform\u00e1tica do Centro de Estudos do Mar do Setor de Ci\u00eancias da Terra, autorizada pela Medida Provis\u00f3ria n\u00ba 1.534\/96, regulamentada pela Portaria Interministerial n\u00ba 1.407\/96 &#8211; MEC\/MARE.<\/p>\n\n\n\n<p>III. O mencionado servidor cumprir\u00e1, obrigatoriamente, o regime de trabalho de tempo integral, de acordo com o disposto no \u00a7 5\u00ba, artigo 1\u00ba da Lei n\u00ba 8.168\/91.<\/p>\n\n\n\n<p>IV. Assim que for exonerado da citada fun\u00e7\u00e3o, a lota\u00e7\u00e3o de exerc\u00edcio do servidor volta a ser o Centro de Estudos do Mar do Setor de Ci\u00eancias da Terra.<\/p>\n\n\n\n<p>V. Tornar sem efeito a Portaria n\u00ba 2711\/PROGEPE, de 26 de junho de 2019.<\/p>\n","protected":false},"excerpt":{"rendered":"<p>I. Exonerar, a partir da data de publica\u00e7\u00e3o em DOU desta Portaria, o servidor WENDELL RICARDO DE SOUZA &#8211; 2162212, da fun\u00e7\u00e3o gratificada de Chefe, FG-03, da Se\u00e7\u00e3o de Patrim\u00f4nio e Inform\u00e1tica do Centro de Estudos do Mar do Setor de Ci\u00eancias da Terra.  II. Nomear, a partir da data de publica\u00e7\u00e3o em DOU desta Portaria, o servidor WENDELL RICARDO DE SOUZA &#8211; 2162212, ocupante do cargo de T\u00e9cnico de Tecnologia da Informa\u00e7\u00e3o, lotado no Centro de Estudos do Mar do Setor de Ci\u00eancias da Terra, no regime de trabalho de 40 (quarenta) horas semanais, para exercer<\/p>\n","protected":false},"author":41,"featured_media":0,"comment_status":"closed","ping_status":"open","sticky":false,"template":"","format":"standard","meta":{"_acf_changed":false,"iawp_total_views":0,"footnotes":""},"categories":[117],"tags":[120],"class_list":["post-70675","post","type-post","status-publish","format-standard","hentry","category-rt","tag-funcao"],"acf":[],"_links":{"self":[{"href":"https:\/\/progepe.ufpr.br\/portarias\/wp-json\/wp\/v2\/posts\/70675","targetHints":{"allow":["GET"]}}],"collection":[{"href":"https:\/\/progepe.ufpr.br\/portarias\/wp-json\/wp\/v2\/posts"}],"about":[{"href":"https:\/\/progepe.ufpr.br\/portarias\/wp-json\/wp\/v2\/types\/post"}],"author":[{"embeddable":true,"href":"https:\/\/progepe.ufpr.br\/portarias\/wp-json\/wp\/v2\/users\/41"}],"replies":[{"embeddable":true,"href":"https:\/\/progepe.ufpr.br\/portarias\/wp-json\/wp\/v2\/comments?post=70675"}],"version-history":[{"count":5,"href":"https:\/\/progepe.ufpr.br\/portarias\/wp-json\/wp\/v2\/posts\/70675\/revisions"}],"predecessor-version":[{"id":250903,"href":"https:\/\/progepe.ufpr.br\/portarias\/wp-json\/wp\/v2\/posts\/70675\/revisions\/250903"}],"wp:attachment":[{"href":"https:\/\/progepe.ufpr.br\/portarias\/wp-json\/wp\/v2\/media?parent=70675"}],"wp:term":[{"taxonomy":"category","embeddable":true,"href":"https:\/\/progepe.ufpr.br\/portarias\/wp-json\/wp\/v2\/categories?post=70675"},{"taxonomy":"post_tag","embeddable":true,"href":"https:\/\/progepe.ufpr.br\/portarias\/wp-json\/wp\/v2\/tags?post=70675"}],"curies":[{"name":"wp","href":"https:\/\/api.w.org\/{rel}","templated":true}]}}