{"id":70676,"date":"2019-07-26T05:04:00","date_gmt":"2019-07-26T08:04:00","guid":{"rendered":"http:\/\/progepe.ufpr.br\/portarias\/rt-2019-00584\/"},"modified":"2023-08-03T13:15:39","modified_gmt":"2023-08-03T16:15:39","slug":"rt-2019-00584","status":"publish","type":"post","link":"https:\/\/progepe.ufpr.br\/portarias\/rt-2019-00584\/","title":{"rendered":"PORTARIA N\u00ba 00584\/REITORIA, DE 26 DE JULHO DE 2019"},"content":{"rendered":"\n<p>A Vice-Reitora da Universidade Federal do Paran\u00e1, no exerc\u00edcio do cargo de Reitora, no uso de suas atribui\u00e7\u00f5es considerando o que consta no artigo 9\u00ba, inciso II da Lei n\u00ba 8.112\/90 e tendo em vista o que consta no processo n\u00ba 23075.042842\/2019-89,<\/p>\n\n\n<p><strong>RESOLVE:<\/strong><\/p>\n\n\n<p>I. Exonerar, a partir da data de publica\u00e7\u00e3o em DOU desta Portaria, o servidor ADEMAR GON\u00c7ALVES DA SILVA &#8211; 2995982, da fun\u00e7\u00e3o gratificada de Chefe, FG-04, da Se\u00e7\u00e3o Or\u00e7ament\u00e1ria do Centro de Estudos do Mar do Setor de Ci\u00eancias da Terra.<\/p><p> II. Nomear, a partir da data de publica\u00e7\u00e3o em DOU desta Portaria,  o servidor ADEMAR GON\u00c7ALVES DA SILVA &#8211; 2995982, ocupante do cargo de Assistente em Administra\u00e7\u00e3o, lotado no Centro de Estudos do Mar do Setor de Ci\u00eancias da Terra, no regime de trabalho de 40 (quarenta) horas semanais, para exercer a fun\u00e7\u00e3o gratificada de  Chefe, FG-03, da Se\u00e7\u00e3o Or\u00e7ament\u00e1ria do Centro de Estudos do Mar do Setor de Ci\u00eancias da Terra, autorizada pela Portaria do Minist\u00e9rio da Educa\u00e7\u00e3o n\u00ba 1.109, de 04 de setembro de 2008, publicada no DOU de 05.09.2008.<\/p><p> III. O mencionado servidor cumprir\u00e1, obrigatoriamente, o regime de trabalho de tempo integral, de acordo com o disposto no \u00a7 5\u00ba, artigo 1\u00ba da Lei n\u00ba 8.168\/91.<\/p><p> IV. Assim que for exonerado da citada fun\u00e7\u00e3o, a lota\u00e7\u00e3o de exerc\u00edcio do servidor volta a ser o Centro de Estudos do Mar do Setor de Ci\u00eancias da Terra.<\/p><p> V. Tornar sem efeito a Portaria n\u00ba 2712\/PROGEPE, de 26 de junho de 2019.<\/p><p><\/p>\n\n\n<div style=\"height:15px\" aria-hidden=\"true\" class=\"wp-block-spacer\"><\/div>\n\n\n<div class=\"wp-block-buttons is-content-justification-right is-layout-flex wp-container-core-buttons-is-layout-1 wp-block-buttons-is-layout-flex\">\n<div class=\"wp-block-button has-custom-font-size is-style-outline has-small-font-size is-style-outline--1\"><a class=\"wp-block-button__link\" href=\"https:\/\/progepe.ufpr.br\/portarias\/wp-content\/uploads\/pcp\/RT\/2019\/584R.pdf\" style=\"border-radius:0px\" target=\"_blank\" rel=\"noreferrer noopener\">Acesse o arquivo da portaria<\/a><\/div><\/div>\n","protected":false},"excerpt":{"rendered":"<p>I. Exonerar, a partir da data de publica\u00e7\u00e3o em DOU desta Portaria, o servidor ADEMAR GON\u00c7ALVES DA SILVA &#8211; 2995982, da fun\u00e7\u00e3o gratificada de Chefe, FG-04, da Se\u00e7\u00e3o Or\u00e7ament\u00e1ria do Centro de Estudos do Mar do Setor de Ci\u00eancias da Terra. II. Nomear, a partir da data de publica\u00e7\u00e3o em DOU desta Portaria, o servidor ADEMAR GON\u00c7ALVES DA SILVA &#8211; 2995982, ocupante do cargo de Assistente em Administra\u00e7\u00e3o, lotado no Centro de Estudos do Mar do Setor de Ci\u00eancias da Terra, no regime de trabalho de 40 (quarenta) horas semanais, para exercer a fun\u00e7\u00e3o gratificada de Chefe, FG-03,<\/p>\n","protected":false},"author":41,"featured_media":0,"comment_status":"closed","ping_status":"open","sticky":false,"template":"","format":"standard","meta":{"_acf_changed":false,"iawp_total_views":0,"footnotes":""},"categories":[117],"tags":[120],"class_list":["post-70676","post","type-post","status-publish","format-standard","hentry","category-rt","tag-funcao"],"acf":[],"_links":{"self":[{"href":"https:\/\/progepe.ufpr.br\/portarias\/wp-json\/wp\/v2\/posts\/70676","targetHints":{"allow":["GET"]}}],"collection":[{"href":"https:\/\/progepe.ufpr.br\/portarias\/wp-json\/wp\/v2\/posts"}],"about":[{"href":"https:\/\/progepe.ufpr.br\/portarias\/wp-json\/wp\/v2\/types\/post"}],"author":[{"embeddable":true,"href":"https:\/\/progepe.ufpr.br\/portarias\/wp-json\/wp\/v2\/users\/41"}],"replies":[{"embeddable":true,"href":"https:\/\/progepe.ufpr.br\/portarias\/wp-json\/wp\/v2\/comments?post=70676"}],"version-history":[{"count":1,"href":"https:\/\/progepe.ufpr.br\/portarias\/wp-json\/wp\/v2\/posts\/70676\/revisions"}],"predecessor-version":[{"id":126023,"href":"https:\/\/progepe.ufpr.br\/portarias\/wp-json\/wp\/v2\/posts\/70676\/revisions\/126023"}],"wp:attachment":[{"href":"https:\/\/progepe.ufpr.br\/portarias\/wp-json\/wp\/v2\/media?parent=70676"}],"wp:term":[{"taxonomy":"category","embeddable":true,"href":"https:\/\/progepe.ufpr.br\/portarias\/wp-json\/wp\/v2\/categories?post=70676"},{"taxonomy":"post_tag","embeddable":true,"href":"https:\/\/progepe.ufpr.br\/portarias\/wp-json\/wp\/v2\/tags?post=70676"}],"curies":[{"name":"wp","href":"https:\/\/api.w.org\/{rel}","templated":true}]}}