{"id":70688,"date":"2019-08-05T05:00:00","date_gmt":"2019-08-05T08:00:00","guid":{"rendered":"http:\/\/progepe.ufpr.br\/portarias\/rt-2019-00609\/"},"modified":"2024-09-17T16:07:51","modified_gmt":"2024-09-17T19:07:51","slug":"rt-2019-00609","status":"publish","type":"post","link":"https:\/\/progepe.ufpr.br\/portarias\/rt-2019-00609\/","title":{"rendered":"PORTARIA N\u00ba 00609\/REITORIA, DE 05 DE AGOSTO DE 2019"},"content":{"rendered":"\n<p style=\"padding-left:43%\">O Reitor da Universidade Federal do Paran\u00e1, no uso de suas atribui\u00e7\u00f5es e tendo em vista o que consta no processo n\u00ba 23075.047898\/2019-20,<\/p>\n\n\n\n<p style=\"padding-left:43%\"><strong>RESOLVE:<\/strong><\/p>\n\n\n\n<p>I. Designar, a partir de 01 de agosto de 2019, o servidor BERNARDO DE ALMEIDA VILLANUEVA &#8211; 1886077, como substituto eventual do servidor MARCO ANT\u00d4NIO RIBAS CAVALIERI &#8211; 1788541, no cargo de Pr\u00f3-Reitor de Administra\u00e7\u00e3o, CD-02, desta Universidade.<\/p>\n\n\n\n<p>II. Cessar os efeitos, a partir de 01 de agosto de 2019, das Portarias <a href=\"https:\/\/progepe.ufpr.br\/portarias\/rt-2018-00529\/\" data-type=\"post\" data-id=\"75753\">n\u00ba 529\/REITORIA, de 21 de setembro de 2018<\/a>; e, <a href=\"https:\/\/progepe.ufpr.br\/portarias\/rt-2018-00530\/\" data-type=\"post\" data-id=\"75754\">n\u00ba 530\/REITORIA, de 21 de setembro de 2018<\/a>.<\/p>\n","protected":false},"excerpt":{"rendered":"<p>I. Designar, a partir de 01 de agosto de 2019, o servidor BERNARDO DE ALMEIDA VILLANUEVA &#8211; 1886077, como substituto eventual do servidor MARCO ANT\u00d4NIO RIBAS CAVALIERI &#8211; 1788541, no cargo de Pr\u00f3-Reitor de Administra\u00e7\u00e3o, CD-02, desta Universidade.  II. Cessar os efeitos, a partir de 01 de agosto de 2019, das Portarias <a href=\"https:\/\/progepe.ufpr.br\/portarias\/rt-2018-00529\/\" data-type=\"post\" data-id=\"75753\">n\u00ba 529\/REITORIA, de 21 de setembro de 2018<\/a>; e, <a href=\"https:\/\/progepe.ufpr.br\/portarias\/rt-2018-00530\/\" data-type=\"post\" data-id=\"75754\">n\u00ba 530\/REITORIA, de 21 de setembro de 2018<\/a>.<\/p>\n","protected":false},"author":41,"featured_media":0,"comment_status":"closed","ping_status":"open","sticky":false,"template":"","format":"standard","meta":{"_acf_changed":false,"iawp_total_views":0,"footnotes":""},"categories":[117],"tags":[120],"class_list":["post-70688","post","type-post","status-publish","format-standard","hentry","category-rt","tag-funcao"],"acf":[],"_links":{"self":[{"href":"https:\/\/progepe.ufpr.br\/portarias\/wp-json\/wp\/v2\/posts\/70688","targetHints":{"allow":["GET"]}}],"collection":[{"href":"https:\/\/progepe.ufpr.br\/portarias\/wp-json\/wp\/v2\/posts"}],"about":[{"href":"https:\/\/progepe.ufpr.br\/portarias\/wp-json\/wp\/v2\/types\/post"}],"author":[{"embeddable":true,"href":"https:\/\/progepe.ufpr.br\/portarias\/wp-json\/wp\/v2\/users\/41"}],"replies":[{"embeddable":true,"href":"https:\/\/progepe.ufpr.br\/portarias\/wp-json\/wp\/v2\/comments?post=70688"}],"version-history":[{"count":2,"href":"https:\/\/progepe.ufpr.br\/portarias\/wp-json\/wp\/v2\/posts\/70688\/revisions"}],"predecessor-version":[{"id":257406,"href":"https:\/\/progepe.ufpr.br\/portarias\/wp-json\/wp\/v2\/posts\/70688\/revisions\/257406"}],"wp:attachment":[{"href":"https:\/\/progepe.ufpr.br\/portarias\/wp-json\/wp\/v2\/media?parent=70688"}],"wp:term":[{"taxonomy":"category","embeddable":true,"href":"https:\/\/progepe.ufpr.br\/portarias\/wp-json\/wp\/v2\/categories?post=70688"},{"taxonomy":"post_tag","embeddable":true,"href":"https:\/\/progepe.ufpr.br\/portarias\/wp-json\/wp\/v2\/tags?post=70688"}],"curies":[{"name":"wp","href":"https:\/\/api.w.org\/{rel}","templated":true}]}}