{"id":70691,"date":"2019-08-14T05:13:00","date_gmt":"2019-08-14T08:13:00","guid":{"rendered":"http:\/\/progepe.ufpr.br\/portarias\/rt-2019-00657\/"},"modified":"2023-08-03T13:15:49","modified_gmt":"2023-08-03T16:15:49","slug":"rt-2019-00657","status":"publish","type":"post","link":"https:\/\/progepe.ufpr.br\/portarias\/rt-2019-00657\/","title":{"rendered":"PORTARIA N\u00ba 00657\/REITORIA, DE 14 DE AGOSTO DE 2019"},"content":{"rendered":"\n<p>O Reitor da Universidade Federal do Paran\u00e1, no uso de suas atribui\u00e7\u00f5es considerando o que consta no artigo 9\u00ba, inciso II da Lei n\u00ba 8.112\/90 e tendo em vista o que consta no processo n\u00ba 23075.046109\/2019-33,<\/p>\n\n\n<p><strong>RESOLVE:<\/strong><\/p>\n\n\n<p>I. Nomear, a partir da data de publica\u00e7\u00e3o em DOU desta Portaria, o servidor MARIO GARCIA DE LIMA &#8211; 1651484, ocupante do cargo de Assistente em Administra\u00e7\u00e3o, no regime de trabalho de 40 (quarenta) horas semanais, lotado na Se\u00e7\u00e3o de Arrecada\u00e7\u00e3o e Pagamento do Departamento de Contabilidade e Finan\u00e7as da Pr\u00f3- Reitoria de Planejamento, Or\u00e7amento e Finan\u00e7as, para exercer a fun\u00e7\u00e3o gratificada de Chefe da Se\u00e7\u00e3o de Arrecada\u00e7\u00e3o e Pagamento, FG-03, do Departamento de Contabilidade e Finan\u00e7as da Pr\u00f3-Reitoria de Planejamento, Or\u00e7amento e Finan\u00e7as, autorizada pela Medida Provis\u00f3ria n\u00ba 1.534\/96, regulamentada pela Portaria Interministerial n\u00ba 1.407\/96-MEC\/MARE.<\/p><p> II. O mencionado servidor cumprir\u00e1, obrigatoriamente, o regime de trabalho de tempo integral, de acordo com o disposto no \u00a7 5\u00ba, artigo 1\u00ba da Lei n\u00ba 8.168\/91.<\/p><p><\/p>\n\n\n<div style=\"height:15px\" aria-hidden=\"true\" class=\"wp-block-spacer\"><\/div>\n\n\n<div class=\"wp-block-buttons is-content-justification-right is-layout-flex wp-container-core-buttons-is-layout-1 wp-block-buttons-is-layout-flex\">\n<div class=\"wp-block-button has-custom-font-size is-style-outline has-small-font-size is-style-outline--1\"><a class=\"wp-block-button__link\" href=\"https:\/\/progepe.ufpr.br\/portarias\/wp-content\/uploads\/pcp\/RT\/2019\/657R.pdf\" style=\"border-radius:0px\" target=\"_blank\" rel=\"noreferrer noopener\">Acesse o arquivo da portaria<\/a><\/div><\/div>\n","protected":false},"excerpt":{"rendered":"<p>I. Nomear, a partir da data de publica\u00e7\u00e3o em DOU desta Portaria, o servidor MARIO GARCIA DE LIMA &#8211; 1651484, ocupante do cargo de Assistente em Administra\u00e7\u00e3o, no regime de trabalho de 40 (quarenta) horas semanais, lotado na Se\u00e7\u00e3o de Arrecada\u00e7\u00e3o e Pagamento do Departamento de Contabilidade e Finan\u00e7as da Pr\u00f3- Reitoria de Planejamento, Or\u00e7amento e Finan\u00e7as, para exercer a fun\u00e7\u00e3o gratificada de Chefe da Se\u00e7\u00e3o de Arrecada\u00e7\u00e3o e Pagamento, FG-03, do Departamento de Contabilidade e Finan\u00e7as da Pr\u00f3-Reitoria de Planejamento, Or\u00e7amento e Finan\u00e7as, autorizada pela Medida Provis\u00f3ria n\u00ba 1.534\/96, regulamentada pela Portaria Interministerial n\u00ba 1.407\/96-MEC\/MARE. II. O<\/p>\n","protected":false},"author":41,"featured_media":0,"comment_status":"closed","ping_status":"open","sticky":false,"template":"","format":"standard","meta":{"_acf_changed":false,"iawp_total_views":0,"footnotes":""},"categories":[117],"tags":[120],"class_list":["post-70691","post","type-post","status-publish","format-standard","hentry","category-rt","tag-funcao"],"acf":[],"_links":{"self":[{"href":"https:\/\/progepe.ufpr.br\/portarias\/wp-json\/wp\/v2\/posts\/70691","targetHints":{"allow":["GET"]}}],"collection":[{"href":"https:\/\/progepe.ufpr.br\/portarias\/wp-json\/wp\/v2\/posts"}],"about":[{"href":"https:\/\/progepe.ufpr.br\/portarias\/wp-json\/wp\/v2\/types\/post"}],"author":[{"embeddable":true,"href":"https:\/\/progepe.ufpr.br\/portarias\/wp-json\/wp\/v2\/users\/41"}],"replies":[{"embeddable":true,"href":"https:\/\/progepe.ufpr.br\/portarias\/wp-json\/wp\/v2\/comments?post=70691"}],"version-history":[{"count":1,"href":"https:\/\/progepe.ufpr.br\/portarias\/wp-json\/wp\/v2\/posts\/70691\/revisions"}],"predecessor-version":[{"id":126038,"href":"https:\/\/progepe.ufpr.br\/portarias\/wp-json\/wp\/v2\/posts\/70691\/revisions\/126038"}],"wp:attachment":[{"href":"https:\/\/progepe.ufpr.br\/portarias\/wp-json\/wp\/v2\/media?parent=70691"}],"wp:term":[{"taxonomy":"category","embeddable":true,"href":"https:\/\/progepe.ufpr.br\/portarias\/wp-json\/wp\/v2\/categories?post=70691"},{"taxonomy":"post_tag","embeddable":true,"href":"https:\/\/progepe.ufpr.br\/portarias\/wp-json\/wp\/v2\/tags?post=70691"}],"curies":[{"name":"wp","href":"https:\/\/api.w.org\/{rel}","templated":true}]}}