{"id":70720,"date":"2019-09-30T05:06:00","date_gmt":"2019-09-30T08:06:00","guid":{"rendered":"http:\/\/progepe.ufpr.br\/portarias\/rt-2019-00835\/"},"modified":"2023-08-03T13:16:13","modified_gmt":"2023-08-03T16:16:13","slug":"rt-2019-00835","status":"publish","type":"post","link":"https:\/\/progepe.ufpr.br\/portarias\/rt-2019-00835\/","title":{"rendered":"PORTARIA N\u00ba 00835\/REITORIA, DE 30 DE SETEMBRO DE 2019"},"content":{"rendered":"\n<p>A Vice-Reitora da Universidade Federal do Paran\u00e1, no exerc\u00edcio do cargo de Reitora, no uso de suas atribui\u00e7\u00f5es considerando o que consta no artigo 9\u00ba, inciso II da Lei n\u00ba 8.112\/90 e tendo em vista o que consta no processo n\u00ba 23075.067970\/2019-35,<\/p>\n\n\n<p><strong>RESOLVE:<\/strong><\/p>\n\n\n<p>I. Nomear, a partir da data de publica\u00e7\u00e3o em DOU desta Portaria, o servidor EPAMINONDAS MENDES DE OLIVA &#8211; 3006277, ocupante do cargo de Bibliotec\u00e1rio &#8211; Documentalista, lotado na Unidade de Cursos e Assuntos Acad\u00eamicos da Pr\u00f3-Reitoria de Pesquisa e P\u00f3s-Gradua\u00e7\u00e3o, no regime de trabalho de 40 (quarenta) horas semanais, para exercer a fun\u00e7\u00e3o gratificada de Chefe do Departamento T\u00e9cnico, FG- 03, do Sistema de Bibliotecas, autorizada pela Medida Provis\u00f3ria n\u00ba 1.534\/96, regulamentada pela Portaria Interministerial n\u00ba 1.407\/96-MEC\/MARE.<\/p><p> II.O mencionado servidor cumprir\u00e1, obrigatoriamente, o regime de trabalho de tempo integral, de acordo com o disposto no \u00a7 5\u00ba, artigo 1\u00ba da Lei n\u00ba 8.168\/91.<\/p><p> III. Assim que for exonerado da citada fun\u00e7\u00e3o, a lota\u00e7\u00e3o de exerc\u00edcio do servidor volta a ser a Unidade de Cursos e Assuntos Acad\u00eamicos da Pr\u00f3-Reitoria de Pesquisa e P\u00f3s-Gradua\u00e7\u00e3o.<\/p><p><\/p>\n\n\n<div style=\"height:15px\" aria-hidden=\"true\" class=\"wp-block-spacer\"><\/div>\n\n\n<div class=\"wp-block-buttons is-content-justification-right is-layout-flex wp-container-core-buttons-is-layout-1 wp-block-buttons-is-layout-flex\">\n<div class=\"wp-block-button has-custom-font-size is-style-outline has-small-font-size is-style-outline--1\"><a class=\"wp-block-button__link\" href=\"https:\/\/progepe.ufpr.br\/portarias\/wp-content\/uploads\/pcp\/RT\/2019\/835R.pdf\" style=\"border-radius:0px\" target=\"_blank\" rel=\"noreferrer noopener\">Acesse o arquivo da portaria<\/a><\/div><\/div>\n","protected":false},"excerpt":{"rendered":"<p>I. Nomear, a partir da data de publica\u00e7\u00e3o em DOU desta Portaria, o servidor EPAMINONDAS MENDES DE OLIVA &#8211; 3006277, ocupante do cargo de Bibliotec\u00e1rio &#8211; Documentalista, lotado na Unidade de Cursos e Assuntos Acad\u00eamicos da Pr\u00f3-Reitoria de Pesquisa e P\u00f3s-Gradua\u00e7\u00e3o, no regime de trabalho de 40 (quarenta) horas semanais, para exercer a fun\u00e7\u00e3o gratificada de Chefe do Departamento T\u00e9cnico, FG- 03, do Sistema de Bibliotecas, autorizada pela Medida Provis\u00f3ria n\u00ba 1.534\/96, regulamentada pela Portaria Interministerial n\u00ba 1.407\/96-MEC\/MARE. II.O mencionado servidor cumprir\u00e1, obrigatoriamente, o regime de trabalho de tempo integral, de acordo com o disposto no \u00a7 5\u00ba,<\/p>\n","protected":false},"author":41,"featured_media":0,"comment_status":"closed","ping_status":"open","sticky":false,"template":"","format":"standard","meta":{"_acf_changed":false,"iawp_total_views":0,"footnotes":""},"categories":[117],"tags":[120],"class_list":["post-70720","post","type-post","status-publish","format-standard","hentry","category-rt","tag-funcao"],"acf":[],"_links":{"self":[{"href":"https:\/\/progepe.ufpr.br\/portarias\/wp-json\/wp\/v2\/posts\/70720","targetHints":{"allow":["GET"]}}],"collection":[{"href":"https:\/\/progepe.ufpr.br\/portarias\/wp-json\/wp\/v2\/posts"}],"about":[{"href":"https:\/\/progepe.ufpr.br\/portarias\/wp-json\/wp\/v2\/types\/post"}],"author":[{"embeddable":true,"href":"https:\/\/progepe.ufpr.br\/portarias\/wp-json\/wp\/v2\/users\/41"}],"replies":[{"embeddable":true,"href":"https:\/\/progepe.ufpr.br\/portarias\/wp-json\/wp\/v2\/comments?post=70720"}],"version-history":[{"count":1,"href":"https:\/\/progepe.ufpr.br\/portarias\/wp-json\/wp\/v2\/posts\/70720\/revisions"}],"predecessor-version":[{"id":126067,"href":"https:\/\/progepe.ufpr.br\/portarias\/wp-json\/wp\/v2\/posts\/70720\/revisions\/126067"}],"wp:attachment":[{"href":"https:\/\/progepe.ufpr.br\/portarias\/wp-json\/wp\/v2\/media?parent=70720"}],"wp:term":[{"taxonomy":"category","embeddable":true,"href":"https:\/\/progepe.ufpr.br\/portarias\/wp-json\/wp\/v2\/categories?post=70720"},{"taxonomy":"post_tag","embeddable":true,"href":"https:\/\/progepe.ufpr.br\/portarias\/wp-json\/wp\/v2\/tags?post=70720"}],"curies":[{"name":"wp","href":"https:\/\/api.w.org\/{rel}","templated":true}]}}