{"id":70871,"date":"2019-08-05T05:02:00","date_gmt":"2019-08-05T08:02:00","guid":{"rendered":"http:\/\/progepe.ufpr.br\/portarias\/rt-2019-00611\/"},"modified":"2023-08-03T13:15:42","modified_gmt":"2023-08-03T16:15:42","slug":"rt-2019-00611","status":"publish","type":"post","link":"https:\/\/progepe.ufpr.br\/portarias\/rt-2019-00611\/","title":{"rendered":"PORTARIA N\u00ba 00611\/REITORIA, DE 05 DE AGOSTO DE 2019"},"content":{"rendered":"\n<p>O Reitor da Universidade Federal do Paran\u00e1, no uso de suas atribui\u00e7\u00f5es, tendo em vista a compet\u00eancia que lhe \u00e9 conferida pela Portaria n\u00ba 1.373\/MEC, de 18 de julho de 2019; o que consta no Art. 9\u00ba, inciso I da Lei n\u00ba 8.112\/90; Decreto n\u00ba 7.485, de 18.05.2011, publicado no DOU de 19.05.2011, atualizado pelo Decreto n\u00ba 8.259, de 20.05.2014, publicado no DOU de 30.05.2014; Lei n\u00ba 12.772\/2012 e suas altera\u00e7\u00f5es; e ainda o que consta no processo n\u00ba 23075.052041\/2019-21,<\/p>\n\n\n<p><strong>RESOLVE:<\/strong><\/p>\n\n\n<p>I. Nomear em car\u00e1ter efetivo, ALEX PAULO FRANCISCO, habilitado em concurso p\u00fablico de provas e t\u00edtulos, homologado em 10.07.2019, para o cargo de Professor na carreira de Magist\u00e9rio Superior, classe A, Adjunto A, n\u00edvel I, em regime de trabalho de Dedica\u00e7\u00e3o Exclusiva, na \u00e1rea de Matem\u00e1tica (O docente poder\u00e1 tamb\u00e9m atuar em quaisquer outras \u00e1reas e sub-\u00e1reas afins, de acordo com a necessidade do departamento), para o Centro de Estudos do Mar \u2013 Cursos de Gradua\u00e7\u00e3o do Campus Pontal do Paran\u00e1, na vaga de c\u00f3digo n\u00ba 927652.<\/p><p> II. Conceder retribui\u00e7\u00e3o por titula\u00e7\u00e3o, de acordo com o Art. 16, Inciso II e Art. 17 da Lei n\u00ba 12.772\/2012, a partir da data de exerc\u00edcio, tendo em vista possuir o t\u00edtulo de Doutor em Ci\u00eancias.<\/p><p><\/p>\n\n\n<div style=\"height:15px\" aria-hidden=\"true\" class=\"wp-block-spacer\"><\/div>\n\n\n<div class=\"wp-block-buttons is-content-justification-right is-layout-flex wp-container-core-buttons-is-layout-1 wp-block-buttons-is-layout-flex\">\n<div class=\"wp-block-button has-custom-font-size is-style-outline has-small-font-size is-style-outline--1\"><a class=\"wp-block-button__link\" href=\"https:\/\/progepe.ufpr.br\/portarias\/wp-content\/uploads\/pcp\/RT\/2019\/611R.pdf\" style=\"border-radius:0px\" target=\"_blank\" rel=\"noreferrer noopener\">Acesse o arquivo da portaria<\/a><\/div><\/div>\n","protected":false},"excerpt":{"rendered":"<p>I. Nomear em car\u00e1ter efetivo, ALEX PAULO FRANCISCO, habilitado em concurso p\u00fablico de provas e t\u00edtulos, homologado em 10.07.2019, para o cargo de Professor na carreira de Magist\u00e9rio Superior, classe A, Adjunto A, n\u00edvel I, em regime de trabalho de Dedica\u00e7\u00e3o Exclusiva, na \u00e1rea de Matem\u00e1tica (O docente poder\u00e1 tamb\u00e9m atuar em quaisquer outras \u00e1reas e sub-\u00e1reas afins, de acordo com a necessidade do departamento), para o Centro de Estudos do Mar \u2013 Cursos de Gradua\u00e7\u00e3o do Campus Pontal do Paran\u00e1, na vaga de c\u00f3digo n\u00ba 927652. II. Conceder retribui\u00e7\u00e3o por titula\u00e7\u00e3o, de acordo com o Art. 16,<\/p>\n","protected":false},"author":41,"featured_media":0,"comment_status":"closed","ping_status":"open","sticky":false,"template":"","format":"standard","meta":{"_acf_changed":false,"iawp_total_views":0,"footnotes":""},"categories":[117],"tags":[121],"class_list":["post-70871","post","type-post","status-publish","format-standard","hentry","category-rt","tag-nomeacao"],"acf":[],"_links":{"self":[{"href":"https:\/\/progepe.ufpr.br\/portarias\/wp-json\/wp\/v2\/posts\/70871","targetHints":{"allow":["GET"]}}],"collection":[{"href":"https:\/\/progepe.ufpr.br\/portarias\/wp-json\/wp\/v2\/posts"}],"about":[{"href":"https:\/\/progepe.ufpr.br\/portarias\/wp-json\/wp\/v2\/types\/post"}],"author":[{"embeddable":true,"href":"https:\/\/progepe.ufpr.br\/portarias\/wp-json\/wp\/v2\/users\/41"}],"replies":[{"embeddable":true,"href":"https:\/\/progepe.ufpr.br\/portarias\/wp-json\/wp\/v2\/comments?post=70871"}],"version-history":[{"count":1,"href":"https:\/\/progepe.ufpr.br\/portarias\/wp-json\/wp\/v2\/posts\/70871\/revisions"}],"predecessor-version":[{"id":126217,"href":"https:\/\/progepe.ufpr.br\/portarias\/wp-json\/wp\/v2\/posts\/70871\/revisions\/126217"}],"wp:attachment":[{"href":"https:\/\/progepe.ufpr.br\/portarias\/wp-json\/wp\/v2\/media?parent=70871"}],"wp:term":[{"taxonomy":"category","embeddable":true,"href":"https:\/\/progepe.ufpr.br\/portarias\/wp-json\/wp\/v2\/categories?post=70871"},{"taxonomy":"post_tag","embeddable":true,"href":"https:\/\/progepe.ufpr.br\/portarias\/wp-json\/wp\/v2\/tags?post=70871"}],"curies":[{"name":"wp","href":"https:\/\/api.w.org\/{rel}","templated":true}]}}