{"id":70873,"date":"2019-08-07T05:07:00","date_gmt":"2019-08-07T08:07:00","guid":{"rendered":"http:\/\/progepe.ufpr.br\/portarias\/rt-2019-00624\/"},"modified":"2023-08-03T13:15:44","modified_gmt":"2023-08-03T16:15:44","slug":"rt-2019-00624","status":"publish","type":"post","link":"https:\/\/progepe.ufpr.br\/portarias\/rt-2019-00624\/","title":{"rendered":"PORTARIA N\u00ba 00624\/REITORIA, DE 07 DE AGOSTO DE 2019"},"content":{"rendered":"\n<p>O Reitor da Universidade Federal do Paran\u00e1, no uso de suas atribui\u00e7\u00f5es, tendo em vista a compet\u00eancia que lhe \u00e9 conferida pela Portaria n\u00ba 1.427\/MEC, de 06 de agosto de 2019; o que consta no Art. 9\u00ba, inciso I da Lei n\u00ba 8.112\/90; Decreto n\u00ba 7.485, de 18.05.2011, publicado no DOU de 19.05.2011, atualizado pelo Decreto n\u00ba 8.259, de 20.05.2014, publicado no DOU de 30.05.2014; Lei n\u00ba 12.772\/2012 e suas altera\u00e7\u00f5es; e ainda o que consta no processo n\u00ba 23075.052514\/2019-91,<\/p>\n\n\n<p><strong>RESOLVE:<\/strong><\/p>\n\n\n<p>I. Nomear em car\u00e1ter efetivo, EDUARDO DE PAULA KIRINUS, habilitado em concurso p\u00fablico de provas e t\u00edtulos, homologado em 10.05.2019, para o cargo de Professor na carreira de Magist\u00e9rio Superior, classe A, Adjunto A, n\u00edvel I, em regime de trabalho de Dedica\u00e7\u00e3o Exclusiva, na \u00e1rea de Modelagem Num\u00e9rica, C\u00e1lculo Num\u00e9rico, Transporte de Sedimentos e Morfodin\u00e2mica, para o Centro de Estudos do Mar \u2013 Cursos de Gradua\u00e7\u00e3o do Campus Pontal do Paran\u00e1, na vaga de c\u00f3digo n\u00ba 927658.<\/p><p> II. Conceder retribui\u00e7\u00e3o por titula\u00e7\u00e3o, de acordo com o Art. 16, Inciso II e Art. 17 da Lei n\u00ba 12.772\/2012, a partir da data de exerc\u00edcio, tendo em vista possuir o t\u00edtulo de Doutor.<\/p><p><\/p>\n\n\n<div style=\"height:15px\" aria-hidden=\"true\" class=\"wp-block-spacer\"><\/div>\n\n\n<div class=\"wp-block-buttons is-content-justification-right is-layout-flex wp-container-core-buttons-is-layout-1 wp-block-buttons-is-layout-flex\">\n<div class=\"wp-block-button has-custom-font-size is-style-outline has-small-font-size is-style-outline--1\"><a class=\"wp-block-button__link\" href=\"https:\/\/progepe.ufpr.br\/portarias\/wp-content\/uploads\/pcp\/RT\/2019\/624R.pdf\" style=\"border-radius:0px\" target=\"_blank\" rel=\"noreferrer noopener\">Acesse o arquivo da portaria<\/a><\/div><\/div>\n","protected":false},"excerpt":{"rendered":"<p>I. Nomear em car\u00e1ter efetivo, EDUARDO DE PAULA KIRINUS, habilitado em concurso p\u00fablico de provas e t\u00edtulos, homologado em 10.05.2019, para o cargo de Professor na carreira de Magist\u00e9rio Superior, classe A, Adjunto A, n\u00edvel I, em regime de trabalho de Dedica\u00e7\u00e3o Exclusiva, na \u00e1rea de Modelagem Num\u00e9rica, C\u00e1lculo Num\u00e9rico, Transporte de Sedimentos e Morfodin\u00e2mica, para o Centro de Estudos do Mar \u2013 Cursos de Gradua\u00e7\u00e3o do Campus Pontal do Paran\u00e1, na vaga de c\u00f3digo n\u00ba 927658. II. Conceder retribui\u00e7\u00e3o por titula\u00e7\u00e3o, de acordo com o Art. 16, Inciso II e Art. 17 da Lei n\u00ba 12.772\/2012, a<\/p>\n","protected":false},"author":41,"featured_media":0,"comment_status":"closed","ping_status":"open","sticky":false,"template":"","format":"standard","meta":{"_acf_changed":false,"iawp_total_views":0,"footnotes":""},"categories":[117],"tags":[121],"class_list":["post-70873","post","type-post","status-publish","format-standard","hentry","category-rt","tag-nomeacao"],"acf":[],"_links":{"self":[{"href":"https:\/\/progepe.ufpr.br\/portarias\/wp-json\/wp\/v2\/posts\/70873","targetHints":{"allow":["GET"]}}],"collection":[{"href":"https:\/\/progepe.ufpr.br\/portarias\/wp-json\/wp\/v2\/posts"}],"about":[{"href":"https:\/\/progepe.ufpr.br\/portarias\/wp-json\/wp\/v2\/types\/post"}],"author":[{"embeddable":true,"href":"https:\/\/progepe.ufpr.br\/portarias\/wp-json\/wp\/v2\/users\/41"}],"replies":[{"embeddable":true,"href":"https:\/\/progepe.ufpr.br\/portarias\/wp-json\/wp\/v2\/comments?post=70873"}],"version-history":[{"count":1,"href":"https:\/\/progepe.ufpr.br\/portarias\/wp-json\/wp\/v2\/posts\/70873\/revisions"}],"predecessor-version":[{"id":126219,"href":"https:\/\/progepe.ufpr.br\/portarias\/wp-json\/wp\/v2\/posts\/70873\/revisions\/126219"}],"wp:attachment":[{"href":"https:\/\/progepe.ufpr.br\/portarias\/wp-json\/wp\/v2\/media?parent=70873"}],"wp:term":[{"taxonomy":"category","embeddable":true,"href":"https:\/\/progepe.ufpr.br\/portarias\/wp-json\/wp\/v2\/categories?post=70873"},{"taxonomy":"post_tag","embeddable":true,"href":"https:\/\/progepe.ufpr.br\/portarias\/wp-json\/wp\/v2\/tags?post=70873"}],"curies":[{"name":"wp","href":"https:\/\/api.w.org\/{rel}","templated":true}]}}