{"id":70904,"date":"2019-09-04T05:05:00","date_gmt":"2019-09-04T08:05:00","guid":{"rendered":"http:\/\/progepe.ufpr.br\/portarias\/rt-2019-00727\/"},"modified":"2024-10-18T13:29:50","modified_gmt":"2024-10-18T16:29:50","slug":"rt-2019-00727","status":"publish","type":"post","link":"https:\/\/progepe.ufpr.br\/portarias\/rt-2019-00727\/","title":{"rendered":"PORTARIA N\u00ba 00727\/REITORIA, DE 04 DE SETEMBRO DE 2019"},"content":{"rendered":"\n<p style=\"padding-left:43%\">O Reitor da Universidade Federal do Paran\u00e1, no uso de suas atribui\u00e7\u00f5es, tendo em vista a compet\u00eancia que lhe \u00e9 conferida pela Portaria n\u00ba 1.427, de 06 de agosto de 2019, publicada no DOU de 07.08.2019, considerando o que consta no artigo 9\u00ba, inciso I da Lei n\u00ba 8.112\/90; autorizada pelo Decreto n\u00ba 7.232, de 19 de julho de 2010, publicado no DOU de 20.07.2010; Portaria Interministerial n\u00ba 111, de 02 de abril de 2014, publicada no DOU de 03.04.2014; e, o contido no processo n\u00ba 23075.058902\/2019-85,<\/p>\n\n\n\n<p style=\"padding-left:43%\"><strong>RESOLVE:<\/strong><\/p>\n\n\n\n<p>Nomear em car\u00e1ter efetivo BEATRIZ DOS SANTOS, habilitada em concurso p\u00fablico realizado por essa institui\u00e7\u00e3o, homologado em 02.07.2018, para o cargo de M\u00e9dico\/Ginecologia e Obstetr\u00edcia, n\u00edvel de Classifica\u00e7\u00e3o E, n\u00edvel de Capacita\u00e7\u00e3o I, padr\u00e3o de Vencimento 01, no regime de trabalho de 20 (vinte) horas semanais, lota\u00e7\u00e3o em Curitiba\/PR, na vaga de c\u00f3digo n\u00ba 266154.<\/p>\n","protected":false},"excerpt":{"rendered":"<p>Nomear em car\u00e1ter efetivo BEATRIZ DOS SANTOS, habilitada em concurso p\u00fablico realizado por essa institui\u00e7\u00e3o, homologado em 02.07.2018, para o cargo de M\u00e9dico\/Ginecologia e Obstetr\u00edcia, n\u00edvel de Classifica\u00e7\u00e3o E, n\u00edvel de Capacita\u00e7\u00e3o I, padr\u00e3o de Vencimento 01, no regime de trabalho de 20 (vinte) horas semanais, lota\u00e7\u00e3o em Curitiba\/PR, na vaga de c\u00f3digo n\u00ba 266154.<\/p>\n","protected":false},"author":41,"featured_media":0,"comment_status":"closed","ping_status":"open","sticky":false,"template":"","format":"standard","meta":{"_acf_changed":false,"iawp_total_views":3,"footnotes":""},"categories":[117],"tags":[121],"class_list":["post-70904","post","type-post","status-publish","format-standard","hentry","category-rt","tag-nomeacao"],"acf":[],"_links":{"self":[{"href":"https:\/\/progepe.ufpr.br\/portarias\/wp-json\/wp\/v2\/posts\/70904","targetHints":{"allow":["GET"]}}],"collection":[{"href":"https:\/\/progepe.ufpr.br\/portarias\/wp-json\/wp\/v2\/posts"}],"about":[{"href":"https:\/\/progepe.ufpr.br\/portarias\/wp-json\/wp\/v2\/types\/post"}],"author":[{"embeddable":true,"href":"https:\/\/progepe.ufpr.br\/portarias\/wp-json\/wp\/v2\/users\/41"}],"replies":[{"embeddable":true,"href":"https:\/\/progepe.ufpr.br\/portarias\/wp-json\/wp\/v2\/comments?post=70904"}],"version-history":[{"count":2,"href":"https:\/\/progepe.ufpr.br\/portarias\/wp-json\/wp\/v2\/posts\/70904\/revisions"}],"predecessor-version":[{"id":257944,"href":"https:\/\/progepe.ufpr.br\/portarias\/wp-json\/wp\/v2\/posts\/70904\/revisions\/257944"}],"wp:attachment":[{"href":"https:\/\/progepe.ufpr.br\/portarias\/wp-json\/wp\/v2\/media?parent=70904"}],"wp:term":[{"taxonomy":"category","embeddable":true,"href":"https:\/\/progepe.ufpr.br\/portarias\/wp-json\/wp\/v2\/categories?post=70904"},{"taxonomy":"post_tag","embeddable":true,"href":"https:\/\/progepe.ufpr.br\/portarias\/wp-json\/wp\/v2\/tags?post=70904"}],"curies":[{"name":"wp","href":"https:\/\/api.w.org\/{rel}","templated":true}]}}