{"id":70987,"date":"2019-07-03T05:00:00","date_gmt":"2019-07-03T08:00:00","guid":{"rendered":"http:\/\/progepe.ufpr.br\/portarias\/rt-2019-00519\/"},"modified":"2023-08-03T13:15:29","modified_gmt":"2023-08-03T16:15:29","slug":"rt-2019-00519","status":"publish","type":"post","link":"https:\/\/progepe.ufpr.br\/portarias\/rt-2019-00519\/","title":{"rendered":"PORTARIA N\u00ba 00519\/REITORIA, DE 03 DE JULHO DE 2019"},"content":{"rendered":"\n<p>O Reitor da Universidade Federal do Paran\u00e1, no uso de suas atribui\u00e7\u00f5es e tendo em vista o que consta no processo n\u00ba 23075.023746\/2019-31,<\/p>\n\n\n<p><strong>RESOLVE:<\/strong><\/p>\n\n\n<p>Remover, tendo em vista o que consta no Parecer n\u00ba 094\/19 &#8211; CEPE, os servidores abaixo citados, da Coordena\u00e7\u00e3o da C\u00e2mara do Curso de Gest\u00e3o P\u00fablica do Setor Litoral para a Coordena\u00e7\u00e3o da C\u00e2mara do Curso de Administra\u00e7\u00e3o P\u00fablica do citado Setor, a partir de 18 de junho de 2019: AUGUSTO JUNIOR CLEMENTE &#8211; 1030198 CLOVIS WANZINACK &#8211; 2734237 DANIELA RESENDE ARCHANJO &#8211; 2683468 ELAINE CRISTINA DE OLIVEIRA MENEZES &#8211; 2242735 IVAN JAIRO JUNCKES &#8211; 1733942 MARISETE TERESINHA HOFFMANN HOROCHOVSKI &#8211; 1670464 MAYRA TAIZA SULZBACH &#8211; 2544053 RODRIGO ROSSI HOROCHOVSKI &#8211; 1211883<\/p>\n\n\n<div style=\"height:15px\" aria-hidden=\"true\" class=\"wp-block-spacer\"><\/div>\n\n\n<div class=\"wp-block-buttons is-content-justification-right is-layout-flex wp-container-core-buttons-is-layout-1 wp-block-buttons-is-layout-flex\">\n<div class=\"wp-block-button has-custom-font-size is-style-outline has-small-font-size is-style-outline--1\"><a class=\"wp-block-button__link\" href=\"https:\/\/progepe.ufpr.br\/portarias\/wp-content\/uploads\/pcp\/RT\/2019\/519R.pdf\" style=\"border-radius:0px\" target=\"_blank\" rel=\"noreferrer noopener\">Acesse o arquivo da portaria<\/a><\/div><\/div>\n","protected":false},"excerpt":{"rendered":"<p>Remover, tendo em vista o que consta no Parecer n\u00ba 094\/19 &#8211; CEPE, os servidores abaixo citados, da Coordena\u00e7\u00e3o da C\u00e2mara do Curso de Gest\u00e3o P\u00fablica do Setor Litoral para a Coordena\u00e7\u00e3o da C\u00e2mara do Curso de Administra\u00e7\u00e3o P\u00fablica do citado Setor, a partir de 18 de junho de 2019: AUGUSTO JUNIOR CLEMENTE &#8211; 1030198 CLOVIS WANZINACK &#8211; 2734237 DANIELA RESENDE ARCHANJO &#8211; 2683468 ELAINE CRISTINA DE OLIVEIRA MENEZES &#8211; 2242735 IVAN JAIRO JUNCKES &#8211; 1733942 MARISETE TERESINHA HOFFMANN HOROCHOVSKI &#8211; 1670464 MAYRA TAIZA SULZBACH &#8211; 2544053 RODRIGO ROSSI HOROCHOVSKI &#8211; 1211883  {&#8220;height&#8221;:&#8221;15px&#8221;} <\/p>\n<div style=\"height:15px\" aria-hidden=\"true\" class=\"wp-block-spacer\">\n","protected":false},"author":41,"featured_media":0,"comment_status":"closed","ping_status":"open","sticky":false,"template":"","format":"standard","meta":{"_acf_changed":false,"iawp_total_views":2,"footnotes":""},"categories":[117],"tags":[135],"class_list":["post-70987","post","type-post","status-publish","format-standard","hentry","category-rt","tag-remocao"],"acf":[],"_links":{"self":[{"href":"https:\/\/progepe.ufpr.br\/portarias\/wp-json\/wp\/v2\/posts\/70987","targetHints":{"allow":["GET"]}}],"collection":[{"href":"https:\/\/progepe.ufpr.br\/portarias\/wp-json\/wp\/v2\/posts"}],"about":[{"href":"https:\/\/progepe.ufpr.br\/portarias\/wp-json\/wp\/v2\/types\/post"}],"author":[{"embeddable":true,"href":"https:\/\/progepe.ufpr.br\/portarias\/wp-json\/wp\/v2\/users\/41"}],"replies":[{"embeddable":true,"href":"https:\/\/progepe.ufpr.br\/portarias\/wp-json\/wp\/v2\/comments?post=70987"}],"version-history":[{"count":1,"href":"https:\/\/progepe.ufpr.br\/portarias\/wp-json\/wp\/v2\/posts\/70987\/revisions"}],"predecessor-version":[{"id":126332,"href":"https:\/\/progepe.ufpr.br\/portarias\/wp-json\/wp\/v2\/posts\/70987\/revisions\/126332"}],"wp:attachment":[{"href":"https:\/\/progepe.ufpr.br\/portarias\/wp-json\/wp\/v2\/media?parent=70987"}],"wp:term":[{"taxonomy":"category","embeddable":true,"href":"https:\/\/progepe.ufpr.br\/portarias\/wp-json\/wp\/v2\/categories?post=70987"},{"taxonomy":"post_tag","embeddable":true,"href":"https:\/\/progepe.ufpr.br\/portarias\/wp-json\/wp\/v2\/tags?post=70987"}],"curies":[{"name":"wp","href":"https:\/\/api.w.org\/{rel}","templated":true}]}}