{"id":70990,"date":"2019-03-13T05:01:00","date_gmt":"2019-03-13T08:01:00","guid":{"rendered":"http:\/\/progepe.ufpr.br\/portarias\/rt-2019-00234\/"},"modified":"2023-08-03T13:14:50","modified_gmt":"2023-08-03T16:14:50","slug":"rt-2019-00234","status":"publish","type":"post","link":"https:\/\/progepe.ufpr.br\/portarias\/rt-2019-00234\/","title":{"rendered":"PORTARIA N\u00ba 00234\/REITORIA, DE 13 DE MAR\u00c7O DE 2019"},"content":{"rendered":"\n<p>O Reitor da Universidade Federal do Paran\u00e1, no uso de suas atribui\u00e7\u00f5es e tendo em vista o que consta processo n\u00ba 23075.066619\/2018-46,<\/p>\n\n\n<p><strong>RESOLVE:<\/strong><\/p>\n\n\n<p>Designar, conforme abaixo relacionados, os representantes das classes docentes junto ao Conselho de Planejamento e Administra\u00e7\u00e3o &#8211; COPLAD; e, representantes dos docentes aposentados junto ao Conselho de Ensino, Pesquisa e Extens\u00e3o &#8211; CEPE, pelo per\u00edodo de 02 (dois) anos, a partir da data de posse: Representantes da classe de Professor Titular (27\/02\/2019) Titulares: MARIA BERENICE REYNAUD STEFFENS &#8211; 1212171 MARIA LUCIA MASSON &#8211; 342471 Suplentes: MARCELO GECHELE CLETO &#8211; 344118 EVERTON PASSOS &#8211; 341526 Representantes da classe de Professor Associado (27\/02\/2019) Titulares: LUIZ ANTONIO CORREA LUCCHESI &#8211; 342798 RENATA SENNA GARRAFFONI &#8211; 1457509 Suplentes: ANDREA EMILIA MARQUES STINGHEN &#8211; 1610478 PAULO AFONSO BRACARENSE COSTA &#8211; 343044 Representantes da classe de Professor Adjunto (27\/02\/2019) Titulares: MAYARA ELITA BRAZ CARNEIRO &#8211; 1883877 PAULO RICARDO OPUSZKA &#8211; 1642484 Suplentes: GUSTAVO VALENTIM LOCH &#8211; 2765413 KATHERINNE MARIA SPERCOSKI &#8211; 2580989 Representantes da classe de Professor Assistente (27\/02\/2019) Titulares: CRISLAINE CAROLINE SERPE &#8211; 2974865 GHEYSA CAROLINE PRADO &#8211; 1642252 Suplentes: LENIRA GAEDE SENESI &#8211; 2221393 ANA MARIA FRANCO &#8211; 1671289 Representantes da classe de Professor Auxiliar (27\/02\/2019) Portaria 234\/REITORIA (1634678)         SEI 23075.066619\/2018-46 \/ pg. 1 Titulares: LUCIANA MENEZES DE AZEVEDO &#8211; 3011500 TIBIRI\u00c7A KRUGER MOREIRA &#8211; 344119 Suplentes: RAFAEL LIRIO BORTONCELLO &#8211; 2307859 RAFAEL TEDESCHI PAZELLO &#8211; 2343837 Representantes da classe de Professor do Ensino B\u00e1sico, T\u00e9cnico e Tecnol\u00f3gico (27\/02\/2019) Titulares: DIEVAL GUIZELINI &#8211; 1169967 LUCIA HELENA ALENCASTRO &#8211; 1515155 Suplentes: ADRIANO RODRIGUES DE MORAES &#8211; 1600801 GABRIELA SCHENATO BICA &#8211; 1524369 Representantes dos Docentes aposentados junto ao CEPE (28\/02\/2019) Titular: ELI NUNES MARQUES &#8211; 340755 Suplente: EVA CRISTINA RODRIGUES AVELAR DALMOLIN &#8211; 340618<\/p>\n\n\n<div style=\"height:15px\" aria-hidden=\"true\" class=\"wp-block-spacer\"><\/div>\n\n\n<div class=\"wp-block-buttons is-content-justification-right is-layout-flex wp-container-core-buttons-is-layout-1 wp-block-buttons-is-layout-flex\">\n<div class=\"wp-block-button has-custom-font-size is-style-outline has-small-font-size is-style-outline--1\"><a class=\"wp-block-button__link\" href=\"https:\/\/progepe.ufpr.br\/portarias\/wp-content\/uploads\/pcp\/RT\/2019\/234R.pdf\" style=\"border-radius:0px\" target=\"_blank\" rel=\"noreferrer noopener\">Acesse o arquivo da portaria<\/a><\/div><\/div>\n","protected":false},"excerpt":{"rendered":"<p>Designar, conforme abaixo relacionados, os representantes das classes docentes junto ao Conselho de Planejamento e Administra\u00e7\u00e3o &#8211; COPLAD; e, representantes dos docentes aposentados junto ao Conselho de Ensino, Pesquisa e Extens\u00e3o &#8211; CEPE, pelo per\u00edodo de 02 (dois) anos, a partir da data de posse: Representantes da classe de Professor Titular (27\/02\/2019) Titulares: MARIA BERENICE REYNAUD STEFFENS &#8211; 1212171 MARIA LUCIA MASSON &#8211; 342471 Suplentes: MARCELO GECHELE CLETO &#8211; 344118 EVERTON PASSOS &#8211; 341526 Representantes da classe de Professor Associado (27\/02\/2019) Titulares: LUIZ ANTONIO CORREA LUCCHESI &#8211; 342798 RENATA SENNA GARRAFFONI &#8211; 1457509 Suplentes: ANDREA EMILIA MARQUES STINGHEN<\/p>\n","protected":false},"author":41,"featured_media":0,"comment_status":"closed","ping_status":"open","sticky":false,"template":"","format":"standard","meta":{"_acf_changed":false,"iawp_total_views":1,"footnotes":""},"categories":[117],"tags":[126],"class_list":["post-70990","post","type-post","status-publish","format-standard","hentry","category-rt","tag-representante"],"acf":[],"_links":{"self":[{"href":"https:\/\/progepe.ufpr.br\/portarias\/wp-json\/wp\/v2\/posts\/70990","targetHints":{"allow":["GET"]}}],"collection":[{"href":"https:\/\/progepe.ufpr.br\/portarias\/wp-json\/wp\/v2\/posts"}],"about":[{"href":"https:\/\/progepe.ufpr.br\/portarias\/wp-json\/wp\/v2\/types\/post"}],"author":[{"embeddable":true,"href":"https:\/\/progepe.ufpr.br\/portarias\/wp-json\/wp\/v2\/users\/41"}],"replies":[{"embeddable":true,"href":"https:\/\/progepe.ufpr.br\/portarias\/wp-json\/wp\/v2\/comments?post=70990"}],"version-history":[{"count":1,"href":"https:\/\/progepe.ufpr.br\/portarias\/wp-json\/wp\/v2\/posts\/70990\/revisions"}],"predecessor-version":[{"id":126335,"href":"https:\/\/progepe.ufpr.br\/portarias\/wp-json\/wp\/v2\/posts\/70990\/revisions\/126335"}],"wp:attachment":[{"href":"https:\/\/progepe.ufpr.br\/portarias\/wp-json\/wp\/v2\/media?parent=70990"}],"wp:term":[{"taxonomy":"category","embeddable":true,"href":"https:\/\/progepe.ufpr.br\/portarias\/wp-json\/wp\/v2\/categories?post=70990"},{"taxonomy":"post_tag","embeddable":true,"href":"https:\/\/progepe.ufpr.br\/portarias\/wp-json\/wp\/v2\/tags?post=70990"}],"curies":[{"name":"wp","href":"https:\/\/api.w.org\/{rel}","templated":true}]}}