{"id":71582,"date":"2019-09-04T10:01:00","date_gmt":"2019-09-04T13:01:00","guid":{"rendered":"http:\/\/progepe.ufpr.br\/portarias\/progepe-2019-03679\/"},"modified":"2023-08-03T12:49:23","modified_gmt":"2023-08-03T15:49:23","slug":"progepe-2019-03679","status":"publish","type":"post","link":"https:\/\/progepe.ufpr.br\/portarias\/progepe-2019-03679\/","title":{"rendered":"PORTARIA N\u00ba 03679\/PROGEPE, DE 04 DE SETEMBRO DE 2019"},"content":{"rendered":"\n<p>O Pr\u00f3-Reitor de Gest\u00e3o de Pessoas da Universidade Federal do Paran\u00e1, no uso de suas atribui\u00e7\u00f5es, tendo em vista a compet\u00eancia que lhe \u00e9 conferida pela Portaria n\u00ba 2.590, de 26 de setembro de 1997 e considerando o que consta no processo n\u00ba 23075.058993\/2019-59,<\/p>\n\n\n<p><strong>RESOLVE:<\/strong><\/p>\n\n\n<p>Autorizar o afastamento parcial, no total de 16 (dezesseis) horas semanais, da servidora JULIANE APARECIDA MATOS DA COSTA \u2013 1839468, ocupante do cargo de Assistente Social, lotada no N\u00facleo de Pr\u00e1ticas Jur\u00eddicas do Setor de Ci\u00eancias Jur\u00eddicas, para realizar Mestrado Profissional em Educa\u00e7\u00e3o Profissional e Tecnol\u00f3gica, no Instituto Federal do Paran\u00e1, em Curitiba\/PR, no per\u00edodo de 14\/10\/2019 a 31\/08\/2021, com \u00f4nus limitado para UFPR.<\/p><p><\/p>\n\n\n<div style=\"height:15px\" aria-hidden=\"true\" class=\"wp-block-spacer\"><\/div>\n\n\n<div class=\"wp-block-buttons is-content-justification-right is-layout-flex wp-container-core-buttons-is-layout-1 wp-block-buttons-is-layout-flex\">\n<div class=\"wp-block-button has-custom-font-size is-style-outline has-small-font-size is-style-outline--1\"><a class=\"wp-block-button__link\" href=\"https:\/\/progepe.ufpr.br\/portarias\/wp-content\/uploads\/pcp\/PROGEPE\/2019\/3679PR.pdf\" style=\"border-radius:0px\" target=\"_blank\" rel=\"noreferrer noopener\">Acesse o arquivo da portaria<\/a><\/div><\/div>\n","protected":false},"excerpt":{"rendered":"<p>Autorizar o afastamento parcial, no total de 16 (dezesseis) horas semanais, da servidora JULIANE APARECIDA MATOS DA COSTA \u2013 1839468, ocupante do cargo de Assistente Social, lotada no N\u00facleo de Pr\u00e1ticas Jur\u00eddicas do Setor de Ci\u00eancias Jur\u00eddicas, para realizar Mestrado Profissional em Educa\u00e7\u00e3o Profissional e Tecnol\u00f3gica, no Instituto Federal do Paran\u00e1, em Curitiba\/PR, no per\u00edodo de 14\/10\/2019 a 31\/08\/2021, com \u00f4nus limitado para UFPR.  {&#8220;height&#8221;:&#8221;15px&#8221;} <\/p>\n<div style=\"height:15px\" aria-hidden=\"true\" class=\"wp-block-spacer\"> <!-- \/wp:spacer  {\"layout\":{\"type\":\"flex\",\"justifyContent\":\"right\"}} \n\n<div class=\"wp-block-buttons\"><!-- wp:button {\"style\":{\"border\":{\"radius\":\"0px\"}},\"className\":\"is-style-outline\",\"fontSize\":\"small\"} \n\n<div class=\"wp-block-button has-custom-font-size is-style-outline has-small-font-size\"><a class=\"wp-block-button__link\" href=\"https:\/\/progepe.ufpr.br\/portarias\/wp-content\/uploads\/pcp\/PROGEPE\/2019\/3679PR.pdf\" style=\"border-radius:0px\" target=\"_blank\" rel=\"noreferrer noopen\n<\/p>\n","protected":false},"author":41,"featured_media":0,"comment_status":"closed","ping_status":"open","sticky":false,"template":"","format":"standard","meta":{"_acf_changed":false,"iawp_total_views":3,"footnotes":""},"categories":[116],"tags":[123],"class_list":["post-71582","post","type-post","status-publish","format-standard","hentry","category-progepe","tag-afastamento-licenca"],"acf":[],"_links":{"self":[{"href":"https:\/\/progepe.ufpr.br\/portarias\/wp-json\/wp\/v2\/posts\/71582","targetHints":{"allow":["GET"]}}],"collection":[{"href":"https:\/\/progepe.ufpr.br\/portarias\/wp-json\/wp\/v2\/posts"}],"about":[{"href":"https:\/\/progepe.ufpr.br\/portarias\/wp-json\/wp\/v2\/types\/post"}],"author":[{"embeddable":true,"href":"https:\/\/progepe.ufpr.br\/portarias\/wp-json\/wp\/v2\/users\/41"}],"replies":[{"embeddable":true,"href":"https:\/\/progepe.ufpr.br\/portarias\/wp-json\/wp\/v2\/comments?post=71582"}],"version-history":[{"count":1,"href":"https:\/\/progepe.ufpr.br\/portarias\/wp-json\/wp\/v2\/posts\/71582\/revisions"}],"predecessor-version":[{"id":126840,"href":"https:\/\/progepe.ufpr.br\/portarias\/wp-json\/wp\/v2\/posts\/71582\/revisions\/126840"}],"wp:attachment":[{"href":"https:\/\/progepe.ufpr.br\/portarias\/wp-json\/wp\/v2\/media?parent=71582"}],"wp:term":[{"taxonomy":"category","embeddable":true,"href":"https:\/\/progepe.ufpr.br\/portarias\/wp-json\/wp\/v2\/categories?post=71582"},{"taxonomy":"post_tag","embeddable":true,"href":"https:\/\/progepe.ufpr.br\/portarias\/wp-json\/wp\/v2\/tags?post=71582"}],"curies":[{"name":"wp","href":"https:\/\/api.w.org\/{rel}","templated":true}]}}