{"id":71605,"date":"2019-01-11T10:10:00","date_gmt":"2019-01-11T12:10:00","guid":{"rendered":"http:\/\/progepe.ufpr.br\/portarias\/progepe-2019-00066\/"},"modified":"2023-08-03T12:42:15","modified_gmt":"2023-08-03T15:42:15","slug":"progepe-2019-00066","status":"publish","type":"post","link":"https:\/\/progepe.ufpr.br\/portarias\/progepe-2019-00066\/","title":{"rendered":"PORTARIA N\u00ba 00066\/PROGEPE, DE 11 DE JANEIRO DE 2019"},"content":{"rendered":"\n<p>O Pr\u00f3-Reitor de Gest\u00e3o de Pessoas da Universidade Federal do Paran\u00e1, no uso de suas atribui\u00e7\u00f5es, tendo em vista a compet\u00eancia que lhe \u00e9 conferida pela Portaria n\u00ba 2.590, de 26 de setembro de 1997 e o que consta no processo n\u00ba 23075.032442\/2018-84,<\/p>\n\n\n\n<p><strong>RESOLVE:<\/strong><\/p>\n\n\n\n<p>Convalidar, tendo em vista o que consta no Art. 92 da Lei n\u00ba 8.112\/90, licen\u00e7a sem remunera\u00e7\u00e3o, para cumprir mandato classista junto ao Sindicato dos Trabalhadores em Educa\u00e7\u00e3o das Institui\u00e7\u00f5es Federais de Ensino Superior no Estado do Paran\u00e1 &#8211; SINDITEST\/PR, no per\u00edodo de 01 de maio de 2018 a 08 de janeiro de 2019, ao servidor JOSE CARLOS DE ASSIS &#8211; 1365688, ocupante do cargo de Auxiliar de Enfermagem, lotado no Servi\u00e7o Integrado \u00e0 Sa\u00fade do Hospital de Cl\u00ednicas.<\/p>\n","protected":false},"excerpt":{"rendered":"<p>Convalidar, tendo em vista o que consta no Art. 92 da Lei n\u00ba 8.112\/90, licen\u00e7a sem remunera\u00e7\u00e3o, para cumprir mandato classista junto ao Sindicato dos Trabalhadores em Educa\u00e7\u00e3o das Institui\u00e7\u00f5es Federais de Ensino Superior no Estado do Paran\u00e1 &#8211; SINDITEST\/PR, no per\u00edodo de 01 de maio de 2018 a 08 de janeiro de 2019, ao servidor JOSE CARLOS DE ASSIS &#8211; 1365688, ocupante do cargo de Auxiliar de Enfermagem, lotado no Servi\u00e7o Integrado \u00e0 Sa\u00fade do Hospital de Cl\u00ednicas.<\/p>\n","protected":false},"author":41,"featured_media":0,"comment_status":"closed","ping_status":"open","sticky":false,"template":"","format":"standard","meta":{"_acf_changed":false,"iawp_total_views":0,"footnotes":""},"categories":[116],"tags":[123],"class_list":["post-71605","post","type-post","status-publish","format-standard","hentry","category-progepe","tag-afastamento-licenca"],"acf":[],"_links":{"self":[{"href":"https:\/\/progepe.ufpr.br\/portarias\/wp-json\/wp\/v2\/posts\/71605","targetHints":{"allow":["GET"]}}],"collection":[{"href":"https:\/\/progepe.ufpr.br\/portarias\/wp-json\/wp\/v2\/posts"}],"about":[{"href":"https:\/\/progepe.ufpr.br\/portarias\/wp-json\/wp\/v2\/types\/post"}],"author":[{"embeddable":true,"href":"https:\/\/progepe.ufpr.br\/portarias\/wp-json\/wp\/v2\/users\/41"}],"replies":[{"embeddable":true,"href":"https:\/\/progepe.ufpr.br\/portarias\/wp-json\/wp\/v2\/comments?post=71605"}],"version-history":[{"count":3,"href":"https:\/\/progepe.ufpr.br\/portarias\/wp-json\/wp\/v2\/posts\/71605\/revisions"}],"predecessor-version":[{"id":190417,"href":"https:\/\/progepe.ufpr.br\/portarias\/wp-json\/wp\/v2\/posts\/71605\/revisions\/190417"}],"wp:attachment":[{"href":"https:\/\/progepe.ufpr.br\/portarias\/wp-json\/wp\/v2\/media?parent=71605"}],"wp:term":[{"taxonomy":"category","embeddable":true,"href":"https:\/\/progepe.ufpr.br\/portarias\/wp-json\/wp\/v2\/categories?post=71605"},{"taxonomy":"post_tag","embeddable":true,"href":"https:\/\/progepe.ufpr.br\/portarias\/wp-json\/wp\/v2\/tags?post=71605"}],"curies":[{"name":"wp","href":"https:\/\/api.w.org\/{rel}","templated":true}]}}