{"id":71717,"date":"2019-06-05T10:03:00","date_gmt":"2019-06-05T13:03:00","guid":{"rendered":"http:\/\/progepe.ufpr.br\/portarias\/progepe-2019-02354\/"},"modified":"2023-08-03T12:46:46","modified_gmt":"2023-08-03T15:46:46","slug":"progepe-2019-02354","status":"publish","type":"post","link":"https:\/\/progepe.ufpr.br\/portarias\/progepe-2019-02354\/","title":{"rendered":"PORTARIA N\u00ba 02354\/PROGEPE, DE 05 DE JUNHO DE 2019"},"content":{"rendered":"\n<p>O Pr\u00f3-Reitor de Gest\u00e3o de Pessoas da Universidade Federal do Paran\u00e1, no uso de suas atribui\u00e7\u00f5es, tendo em vista a compet\u00eancia que lhe \u00e9 conferida pela Portaria n\u00ba 2.590, de 26 de setembro de 1997 e considerando o que consta no processo n\u00ba 23075.214127\/2017-922,<\/p>\n\n\n<p><strong>RESOLVE:<\/strong><\/p>\n\n\n<p>Cessar os efeitos da Portaria 942\/PROGEPE de 06 de mar\u00e7o de 2018, publicada no DOU de 08.03.2018, se\u00e7\u00e3o 2, p\u00e1gina 26, a partir a compet\u00eancia maio\/2019, tendo em vista o que consta no processo n\u00ba 23075.030126\/2019-59, passando a vigorar os termos da Portaria 419\/PROGEPE de 29 de janeiro de 2018, publicada no DOU de 01.02.2018, se\u00e7\u00e3o 2, p\u00e1gina 40, que concedeu Aposentadoria Volunt\u00e1ria por Tempo de Contribui\u00e7\u00e3o, nos termos do Art. 3\u00ba da Emenda Constitucional n\u00ba 47\/05, o servidor SETEMBRINO SOARES FERREIRA JUNIOR \u2013 341130, ocupante do cargo de Professor Adjunto, n\u00edvel 601, com Mestrado, no regime de trabalho de 40 (quarenta) horas semanais, com Dedica\u00e7\u00e3o Exclusiva.<\/p><p><\/p>\n\n\n<div style=\"height:15px\" aria-hidden=\"true\" class=\"wp-block-spacer\"><\/div>\n\n\n<div class=\"wp-block-buttons is-content-justification-right is-layout-flex wp-container-core-buttons-is-layout-1 wp-block-buttons-is-layout-flex\">\n<div class=\"wp-block-button has-custom-font-size is-style-outline has-small-font-size is-style-outline--1\"><a class=\"wp-block-button__link\" href=\"https:\/\/progepe.ufpr.br\/portarias\/wp-content\/uploads\/pcp\/PROGEPE\/2019\/2354PR.pdf\" style=\"border-radius:0px\" target=\"_blank\" rel=\"noreferrer noopener\">Acesse o arquivo da portaria<\/a><\/div><\/div>\n","protected":false},"excerpt":{"rendered":"<p>Cessar os efeitos da Portaria 942\/PROGEPE de 06 de mar\u00e7o de 2018, publicada no DOU de 08.03.2018, se\u00e7\u00e3o 2, p\u00e1gina 26, a partir a compet\u00eancia maio\/2019, tendo em vista o que consta no processo n\u00ba 23075.030126\/2019-59, passando a vigorar os termos da Portaria 419\/PROGEPE de 29 de janeiro de 2018, publicada no DOU de 01.02.2018, se\u00e7\u00e3o 2, p\u00e1gina 40, que concedeu Aposentadoria Volunt\u00e1ria por Tempo de Contribui\u00e7\u00e3o, nos termos do Art. 3\u00ba da Emenda Constitucional n\u00ba 47\/05, o servidor SETEMBRINO SOARES FERREIRA JUNIOR \u2013 341130, ocupante do cargo de Professor Adjunto, n\u00edvel 601, com Mestrado, no regime de<\/p>\n","protected":false},"author":41,"featured_media":0,"comment_status":"closed","ping_status":"open","sticky":false,"template":"","format":"standard","meta":{"_acf_changed":false,"iawp_total_views":0,"footnotes":""},"categories":[116],"tags":[125],"class_list":["post-71717","post","type-post","status-publish","format-standard","hentry","category-progepe","tag-aposentadoria"],"acf":[],"_links":{"self":[{"href":"https:\/\/progepe.ufpr.br\/portarias\/wp-json\/wp\/v2\/posts\/71717","targetHints":{"allow":["GET"]}}],"collection":[{"href":"https:\/\/progepe.ufpr.br\/portarias\/wp-json\/wp\/v2\/posts"}],"about":[{"href":"https:\/\/progepe.ufpr.br\/portarias\/wp-json\/wp\/v2\/types\/post"}],"author":[{"embeddable":true,"href":"https:\/\/progepe.ufpr.br\/portarias\/wp-json\/wp\/v2\/users\/41"}],"replies":[{"embeddable":true,"href":"https:\/\/progepe.ufpr.br\/portarias\/wp-json\/wp\/v2\/comments?post=71717"}],"version-history":[{"count":1,"href":"https:\/\/progepe.ufpr.br\/portarias\/wp-json\/wp\/v2\/posts\/71717\/revisions"}],"predecessor-version":[{"id":126975,"href":"https:\/\/progepe.ufpr.br\/portarias\/wp-json\/wp\/v2\/posts\/71717\/revisions\/126975"}],"wp:attachment":[{"href":"https:\/\/progepe.ufpr.br\/portarias\/wp-json\/wp\/v2\/media?parent=71717"}],"wp:term":[{"taxonomy":"category","embeddable":true,"href":"https:\/\/progepe.ufpr.br\/portarias\/wp-json\/wp\/v2\/categories?post=71717"},{"taxonomy":"post_tag","embeddable":true,"href":"https:\/\/progepe.ufpr.br\/portarias\/wp-json\/wp\/v2\/tags?post=71717"}],"curies":[{"name":"wp","href":"https:\/\/api.w.org\/{rel}","templated":true}]}}