{"id":71718,"date":"2019-06-06T10:18:00","date_gmt":"2019-06-06T13:18:00","guid":{"rendered":"http:\/\/progepe.ufpr.br\/portarias\/progepe-2019-02416\/"},"modified":"2023-08-03T12:46:53","modified_gmt":"2023-08-03T15:46:53","slug":"progepe-2019-02416","status":"publish","type":"post","link":"https:\/\/progepe.ufpr.br\/portarias\/progepe-2019-02416\/","title":{"rendered":"PORTARIA N\u00ba 02416\/PROGEPE, DE 06 DE JUNHO DE 2019"},"content":{"rendered":"\n<p>O Pr\u00f3-Reitor de Gest\u00e3o de Pessoas da Universidade Federal do Paran\u00e1, no uso de suas atribui\u00e7\u00f5es, tendo em vista a compet\u00eancia que lhe \u00e9 conferida pela Portaria n\u00ba 2.590, de 26 de setembro de 1997 e considerando o que consta no processo n\u00ba 23075.033545\/2019-42,<\/p>\n\n\n<p><strong>RESOLVE:<\/strong><\/p>\n\n\n<p>I. Diante do contido no Parecer de For\u00e7a Execut\u00f3ria n\u00ba 00227\/2019- DIMAD\/PFPR\/PGF\/AGU, declarar sem efeito, a partir de 27 de maio de 2019, a Portaria n\u00ba 1.194\/PROGEPE, de 20 de mar\u00e7o de 2019, publicada no DOU de 21.03.2019, Se\u00e7\u00e3o 2, p\u00e1g. 40, que concedeu aposentadoria volunt\u00e1ria por tempo de contribui\u00e7\u00e3o ao servidor ROMUALDO WANDRESEN &#8211; 340783.<\/p><p> II. Reverter \u00e0 atividade, a partir de 27 de maio de 2019, o servidor ROMUALDO WANDRESEN &#8211; 340783, ocupante do cargo de Professor do Magist\u00e9rio Superior, classe 8, n\u00edvel 801, no regime de 40 (quarenta) horas semanais com dedica\u00e7\u00e3o exclusiva.<\/p><p> III. O servidor ser\u00e1 lotado no Departamento de Geom\u00e1tica do Setor de Ci\u00eancias da Terra, na vaga de c\u00f3digo n\u00ba 263080.<\/p><p><\/p>\n\n\n<div style=\"height:15px\" aria-hidden=\"true\" class=\"wp-block-spacer\"><\/div>\n\n\n<div class=\"wp-block-buttons is-content-justification-right is-layout-flex wp-container-core-buttons-is-layout-1 wp-block-buttons-is-layout-flex\">\n<div class=\"wp-block-button has-custom-font-size is-style-outline has-small-font-size is-style-outline--1\"><a class=\"wp-block-button__link\" href=\"https:\/\/progepe.ufpr.br\/portarias\/wp-content\/uploads\/pcp\/PROGEPE\/2019\/2416PR.pdf\" style=\"border-radius:0px\" target=\"_blank\" rel=\"noreferrer noopener\">Acesse o arquivo da portaria<\/a><\/div><\/div>\n","protected":false},"excerpt":{"rendered":"<p>I. Diante do contido no Parecer de For\u00e7a Execut\u00f3ria n\u00ba 00227\/2019- DIMAD\/PFPR\/PGF\/AGU, declarar sem efeito, a partir de 27 de maio de 2019, a Portaria n\u00ba 1.194\/PROGEPE, de 20 de mar\u00e7o de 2019, publicada no DOU de 21.03.2019, Se\u00e7\u00e3o 2, p\u00e1g. 40, que concedeu aposentadoria volunt\u00e1ria por tempo de contribui\u00e7\u00e3o ao servidor ROMUALDO WANDRESEN &#8211; 340783. II. Reverter \u00e0 atividade, a partir de 27 de maio de 2019, o servidor ROMUALDO WANDRESEN &#8211; 340783, ocupante do cargo de Professor do Magist\u00e9rio Superior, classe 8, n\u00edvel 801, no regime de 40 (quarenta) horas semanais com dedica\u00e7\u00e3o exclusiva. III. O<\/p>\n","protected":false},"author":41,"featured_media":0,"comment_status":"closed","ping_status":"open","sticky":false,"template":"","format":"standard","meta":{"_acf_changed":false,"iawp_total_views":0,"footnotes":""},"categories":[116],"tags":[125],"class_list":["post-71718","post","type-post","status-publish","format-standard","hentry","category-progepe","tag-aposentadoria"],"acf":[],"_links":{"self":[{"href":"https:\/\/progepe.ufpr.br\/portarias\/wp-json\/wp\/v2\/posts\/71718","targetHints":{"allow":["GET"]}}],"collection":[{"href":"https:\/\/progepe.ufpr.br\/portarias\/wp-json\/wp\/v2\/posts"}],"about":[{"href":"https:\/\/progepe.ufpr.br\/portarias\/wp-json\/wp\/v2\/types\/post"}],"author":[{"embeddable":true,"href":"https:\/\/progepe.ufpr.br\/portarias\/wp-json\/wp\/v2\/users\/41"}],"replies":[{"embeddable":true,"href":"https:\/\/progepe.ufpr.br\/portarias\/wp-json\/wp\/v2\/comments?post=71718"}],"version-history":[{"count":1,"href":"https:\/\/progepe.ufpr.br\/portarias\/wp-json\/wp\/v2\/posts\/71718\/revisions"}],"predecessor-version":[{"id":126976,"href":"https:\/\/progepe.ufpr.br\/portarias\/wp-json\/wp\/v2\/posts\/71718\/revisions\/126976"}],"wp:attachment":[{"href":"https:\/\/progepe.ufpr.br\/portarias\/wp-json\/wp\/v2\/media?parent=71718"}],"wp:term":[{"taxonomy":"category","embeddable":true,"href":"https:\/\/progepe.ufpr.br\/portarias\/wp-json\/wp\/v2\/categories?post=71718"},{"taxonomy":"post_tag","embeddable":true,"href":"https:\/\/progepe.ufpr.br\/portarias\/wp-json\/wp\/v2\/tags?post=71718"}],"curies":[{"name":"wp","href":"https:\/\/api.w.org\/{rel}","templated":true}]}}