{"id":71746,"date":"2019-06-27T10:17:00","date_gmt":"2019-06-27T13:17:00","guid":{"rendered":"http:\/\/progepe.ufpr.br\/portarias\/progepe-2019-02754\/"},"modified":"2023-08-03T12:47:33","modified_gmt":"2023-08-03T15:47:33","slug":"progepe-2019-02754","status":"publish","type":"post","link":"https:\/\/progepe.ufpr.br\/portarias\/progepe-2019-02754\/","title":{"rendered":"PORTARIA N\u00ba 02754\/PROGEPE, DE 27 DE JUNHO DE 2019"},"content":{"rendered":"\n<p>O Pr\u00f3-Reitor de Gest\u00e3o de Pessoas da Universidade Federal do Paran\u00e1, no uso de suas atribui\u00e7\u00f5es, tendo em vista a compet\u00eancia que lhe \u00e9 conferida pela Portaria n\u00ba 2.590, de 26 de setembro de 1997 e considerando o que consta no processo n\u00ba 23075.024155\/2019-81;<\/p>\n\n\n<p><strong>RESOLVE:<\/strong><\/p>\n\n\n<p>Aposentar nos termos do Art. 40 \u00a7 1\u00ba, inciso I, \u00a7 18 da Constitui\u00e7\u00e3o Federal c\/c Art.<\/p><p> 6\u00ba A da Emenda Constitucional n\u00ba 41\/03, inclu\u00eddo pela Emenda Constitucional n\u00ba 70\/12, \u00e0 servidora MARLENE NALIM DA SILVA &#8211; 0344348, lotada na Biblioteca de Ci\u00eancias Humanas e Educa\u00e7\u00e3o do Sistema de Bibliotecas, ocupante do cargo de Costureiro, n\u00edvel de classifica\u00e7\u00e3o  B, n\u00edvel de capacita\u00e7\u00e3o IV e padr\u00e3o 16, no regime de trabalho de 40 (quarenta) horas semanais, com o vencimento do mencionado cargo a raz\u00e3o 28\/30 (vinte e oito, trinta avos), mais a  Gratifica\u00e7\u00e3o Adicional por Tempo de Servi\u00e7o, prevista no Art. 67, da Lei n\u00ba 8.112\/90, no \u00edndice de 6 (seis por cento), e o Incentivo \u00e0 Qualifica\u00e7\u00e3o, Decreto n\u00b0 5.824\/06.<\/p><p><\/p>\n\n\n<div style=\"height:15px\" aria-hidden=\"true\" class=\"wp-block-spacer\"><\/div>\n\n\n<div class=\"wp-block-buttons is-content-justification-right is-layout-flex wp-container-core-buttons-is-layout-1 wp-block-buttons-is-layout-flex\">\n<div class=\"wp-block-button has-custom-font-size is-style-outline has-small-font-size is-style-outline--1\"><a class=\"wp-block-button__link\" href=\"https:\/\/progepe.ufpr.br\/portarias\/wp-content\/uploads\/pcp\/PROGEPE\/2019\/2754PR.pdf\" style=\"border-radius:0px\" target=\"_blank\" rel=\"noreferrer noopener\">Acesse o arquivo da portaria<\/a><\/div><\/div>\n","protected":false},"excerpt":{"rendered":"<p>Aposentar nos termos do Art. 40 \u00a7 1\u00ba, inciso I, \u00a7 18 da Constitui\u00e7\u00e3o Federal c\/c Art. 6\u00ba A da Emenda Constitucional n\u00ba 41\/03, inclu\u00eddo pela Emenda Constitucional n\u00ba 70\/12, \u00e0 servidora MARLENE NALIM DA SILVA &#8211; 0344348, lotada na Biblioteca de Ci\u00eancias Humanas e Educa\u00e7\u00e3o do Sistema de Bibliotecas, ocupante do cargo de Costureiro, n\u00edvel de classifica\u00e7\u00e3o B, n\u00edvel de capacita\u00e7\u00e3o IV e padr\u00e3o 16, no regime de trabalho de 40 (quarenta) horas semanais, com o vencimento do mencionado cargo a raz\u00e3o 28\/30 (vinte e oito, trinta avos), mais a Gratifica\u00e7\u00e3o Adicional por Tempo de Servi\u00e7o, prevista<\/p>\n","protected":false},"author":41,"featured_media":0,"comment_status":"closed","ping_status":"open","sticky":false,"template":"","format":"standard","meta":{"_acf_changed":false,"iawp_total_views":0,"footnotes":""},"categories":[116],"tags":[125],"class_list":["post-71746","post","type-post","status-publish","format-standard","hentry","category-progepe","tag-aposentadoria"],"acf":[],"_links":{"self":[{"href":"https:\/\/progepe.ufpr.br\/portarias\/wp-json\/wp\/v2\/posts\/71746","targetHints":{"allow":["GET"]}}],"collection":[{"href":"https:\/\/progepe.ufpr.br\/portarias\/wp-json\/wp\/v2\/posts"}],"about":[{"href":"https:\/\/progepe.ufpr.br\/portarias\/wp-json\/wp\/v2\/types\/post"}],"author":[{"embeddable":true,"href":"https:\/\/progepe.ufpr.br\/portarias\/wp-json\/wp\/v2\/users\/41"}],"replies":[{"embeddable":true,"href":"https:\/\/progepe.ufpr.br\/portarias\/wp-json\/wp\/v2\/comments?post=71746"}],"version-history":[{"count":1,"href":"https:\/\/progepe.ufpr.br\/portarias\/wp-json\/wp\/v2\/posts\/71746\/revisions"}],"predecessor-version":[{"id":127003,"href":"https:\/\/progepe.ufpr.br\/portarias\/wp-json\/wp\/v2\/posts\/71746\/revisions\/127003"}],"wp:attachment":[{"href":"https:\/\/progepe.ufpr.br\/portarias\/wp-json\/wp\/v2\/media?parent=71746"}],"wp:term":[{"taxonomy":"category","embeddable":true,"href":"https:\/\/progepe.ufpr.br\/portarias\/wp-json\/wp\/v2\/categories?post=71746"},{"taxonomy":"post_tag","embeddable":true,"href":"https:\/\/progepe.ufpr.br\/portarias\/wp-json\/wp\/v2\/tags?post=71746"}],"curies":[{"name":"wp","href":"https:\/\/api.w.org\/{rel}","templated":true}]}}