{"id":71747,"date":"2019-06-27T10:18:00","date_gmt":"2019-06-27T13:18:00","guid":{"rendered":"http:\/\/progepe.ufpr.br\/portarias\/progepe-2019-02755\/"},"modified":"2023-08-03T12:47:33","modified_gmt":"2023-08-03T15:47:33","slug":"progepe-2019-02755","status":"publish","type":"post","link":"https:\/\/progepe.ufpr.br\/portarias\/progepe-2019-02755\/","title":{"rendered":"PORTARIA N\u00ba 02755\/PROGEPE, DE 27 DE JUNHO DE 2019"},"content":{"rendered":"\n<p>O  Pr\u00f3-Reitor  de  Gest\u00e3o  de  Pessoas  da Universidade  Federal  do  Paran\u00e1,  no  uso  de  suas atribui\u00e7\u00f5es, tendo em vista a compet\u00eancia que lhe \u00e9 conferida pela  Portaria  n\u00ba  2.590,  de  26  de  setembro  de  1997  e considerando o que consta no processo n\u00ba 23075.704376\/2019- 37;<\/p>\n\n\n<p><strong>RESOLVE:<\/strong><\/p>\n\n\n<p>Conceder Aposentadoria Volunt\u00e1ria por Idade, nos termos do Art. 40, \u00a7 1\u00ba, inciso III, al\u00ednea b da CF, alterado pela EC n\u00ba 41\/03, combinado com o Art. 1\u00ba, \u00a7 1\u00ba da Lei n\u00ba 10.887\/04, \u00e0 servidora ROSALINA MARTINS CAVALHEIRO \u2013 1217618,  nascida  em 22.09.1949,  lotada  na  Se\u00e7\u00e3o  Centro  Mat.  Esterilizado  Centro Cir\u00fargico do Hospital de Cl\u00ednicas, ocupante do cargo de Auxiliar de Enfermagem, n\u00edvel de classifica\u00e7\u00e3o C, n\u00edvel de capacita\u00e7\u00e3o IV, padr\u00e3o de vencimento 14, no regime de trabalho de 40 (quarenta) horas semanais, com proventos proporcionais ao tempo de contribui\u00e7\u00e3o, calculados sobre a m\u00e9dia das remunera\u00e7\u00f5es utilizadas como base para as contribui\u00e7\u00f5es aos regimes de previd\u00eancia.<\/p><p> pfn<\/p>\n\n\n<div style=\"height:15px\" aria-hidden=\"true\" class=\"wp-block-spacer\"><\/div>\n\n\n<div class=\"wp-block-buttons is-content-justification-right is-layout-flex wp-container-core-buttons-is-layout-1 wp-block-buttons-is-layout-flex\">\n<div class=\"wp-block-button has-custom-font-size is-style-outline has-small-font-size is-style-outline--1\"><a class=\"wp-block-button__link\" href=\"https:\/\/progepe.ufpr.br\/portarias\/wp-content\/uploads\/pcp\/PROGEPE\/2019\/2755PR.pdf\" style=\"border-radius:0px\" target=\"_blank\" rel=\"noreferrer noopener\">Acesse o arquivo da portaria<\/a><\/div><\/div>\n","protected":false},"excerpt":{"rendered":"<p>Conceder Aposentadoria Volunt\u00e1ria por Idade, nos termos do Art. 40, \u00a7 1\u00ba, inciso III, al\u00ednea b da CF, alterado pela EC n\u00ba 41\/03, combinado com o Art. 1\u00ba, \u00a7 1\u00ba da Lei n\u00ba 10.887\/04, \u00e0 servidora ROSALINA MARTINS CAVALHEIRO \u2013 1217618, nascida em 22.09.1949, lotada na Se\u00e7\u00e3o Centro Mat. Esterilizado Centro Cir\u00fargico do Hospital de Cl\u00ednicas, ocupante do cargo de Auxiliar de Enfermagem, n\u00edvel de classifica\u00e7\u00e3o C, n\u00edvel de capacita\u00e7\u00e3o IV, padr\u00e3o de vencimento 14, no regime de trabalho de 40 (quarenta) horas semanais, com proventos proporcionais ao tempo de contribui\u00e7\u00e3o, calculados sobre a m\u00e9dia das remunera\u00e7\u00f5es utilizadas<\/p>\n","protected":false},"author":41,"featured_media":0,"comment_status":"closed","ping_status":"open","sticky":false,"template":"","format":"standard","meta":{"_acf_changed":false,"iawp_total_views":0,"footnotes":""},"categories":[116],"tags":[125],"class_list":["post-71747","post","type-post","status-publish","format-standard","hentry","category-progepe","tag-aposentadoria"],"acf":[],"_links":{"self":[{"href":"https:\/\/progepe.ufpr.br\/portarias\/wp-json\/wp\/v2\/posts\/71747","targetHints":{"allow":["GET"]}}],"collection":[{"href":"https:\/\/progepe.ufpr.br\/portarias\/wp-json\/wp\/v2\/posts"}],"about":[{"href":"https:\/\/progepe.ufpr.br\/portarias\/wp-json\/wp\/v2\/types\/post"}],"author":[{"embeddable":true,"href":"https:\/\/progepe.ufpr.br\/portarias\/wp-json\/wp\/v2\/users\/41"}],"replies":[{"embeddable":true,"href":"https:\/\/progepe.ufpr.br\/portarias\/wp-json\/wp\/v2\/comments?post=71747"}],"version-history":[{"count":1,"href":"https:\/\/progepe.ufpr.br\/portarias\/wp-json\/wp\/v2\/posts\/71747\/revisions"}],"predecessor-version":[{"id":127004,"href":"https:\/\/progepe.ufpr.br\/portarias\/wp-json\/wp\/v2\/posts\/71747\/revisions\/127004"}],"wp:attachment":[{"href":"https:\/\/progepe.ufpr.br\/portarias\/wp-json\/wp\/v2\/media?parent=71747"}],"wp:term":[{"taxonomy":"category","embeddable":true,"href":"https:\/\/progepe.ufpr.br\/portarias\/wp-json\/wp\/v2\/categories?post=71747"},{"taxonomy":"post_tag","embeddable":true,"href":"https:\/\/progepe.ufpr.br\/portarias\/wp-json\/wp\/v2\/tags?post=71747"}],"curies":[{"name":"wp","href":"https:\/\/api.w.org\/{rel}","templated":true}]}}