{"id":71781,"date":"2019-08-14T10:00:00","date_gmt":"2019-08-14T13:00:00","guid":{"rendered":"http:\/\/progepe.ufpr.br\/portarias\/progepe-2019-03403\/"},"modified":"2023-07-31T16:17:34","modified_gmt":"2023-07-31T19:17:34","slug":"progepe-2019-03403","status":"publish","type":"post","link":"https:\/\/progepe.ufpr.br\/portarias\/progepe-2019-03403\/","title":{"rendered":"PORTARIA N\u00ba 03403\/PROGEPE, DE 14 DE AGOSTO DE 2019"},"content":{"rendered":"\n<p>O Pr\u00f3-Reitor de Gest\u00e3o de Pessoas da Universidade Federal do Paran\u00e1, no uso de suas atribui\u00e7\u00f5es, tendo em vista a compet\u00eancia que lhe \u00e9 conferida pela Portaria n\u00ba 2.590, de 26 de setembro de 1997 e considerando o que consta no processo n\u00ba 23075.705962\/2019-07,<\/p>\n\n\n<p><strong>RESOLVE:<\/strong><\/p>\n\n\n<p>Retificar a Portaria n\u00ba 3.113\/PROGEPE, de 24 de julho de 2019, publicada no DOU de 01.08.2019, Se\u00e7\u00e3o 2, p\u00e1g. 64, que concedeu aposentadoria volunt\u00e1ria por tempo de contribui\u00e7\u00e3o \u00e0 servidora MARIA PAES &#8211; 1170387: Onde se L\u00ea: &#8230; gratifica\u00e7\u00e3o adicional por tempo de servi\u00e7o, prevista no Art. 67 da Lei n\u00ba 8.112\/90, no \u00edndice de 3 (tr\u00eas por cento)&#8230; .<\/p><p> Leia-se: &#8230; gratifica\u00e7\u00e3o adicional por tempo de servi\u00e7o, prevista no Art. 67 da Lei n\u00ba 8.112\/90, no \u00edndice de 4 (quatro por cento)&#8230; .<\/p><p> [mrw]<\/p>\n\n\n<div style=\"height:15px\" aria-hidden=\"true\" class=\"wp-block-spacer\"><\/div>\n\n\n<div class=\"wp-block-buttons is-content-justification-right is-layout-flex wp-container-core-buttons-is-layout-1 wp-block-buttons-is-layout-flex\">\n<div class=\"wp-block-button has-custom-font-size is-style-outline has-small-font-size is-style-outline--1\"><a class=\"wp-block-button__link\" href=\"https:\/\/progepe.ufpr.br\/portarias\/wp-content\/uploads\/pcp\/PROGEPE\/2019\/3403PR.pdf\" style=\"border-radius:0px\" target=\"_blank\" rel=\"noreferrer noopener\">Acesse o arquivo da portaria<\/a><\/div><\/div>\n","protected":false},"excerpt":{"rendered":"<p>Retificar a Portaria n\u00ba 3.113\/PROGEPE, de 24 de julho de 2019, publicada no DOU de 01.08.2019, Se\u00e7\u00e3o 2, p\u00e1g. 64, que concedeu aposentadoria volunt\u00e1ria por tempo de contribui\u00e7\u00e3o \u00e0 servidora MARIA PAES &#8211; 1170387: Onde se L\u00ea: &#8230; gratifica\u00e7\u00e3o adicional por tempo de servi\u00e7o, prevista no Art. 67 da Lei n\u00ba 8.112\/90, no \u00edndice de 3 (tr\u00eas por cento)&#8230; . Leia-se: &#8230; gratifica\u00e7\u00e3o adicional por tempo de servi\u00e7o, prevista no Art. 67 da Lei n\u00ba 8.112\/90, no \u00edndice de 4 (quatro por cento)&#8230; . [mrw]  {&#8220;height&#8221;:&#8221;15px&#8221;} <\/p>\n<div style=\"height:15px\" aria-hidden=\"true\" class=\"wp-block-spacer\"> <!-- \/wp:spacer  {\"layout\":{\"type\":\"flex\",\"justifyContent\":\"right\"}} \n\n<div class=\"wp-block-buttons\"><!-- wp:button\n<\/p>\n","protected":false},"author":41,"featured_media":0,"comment_status":"closed","ping_status":"open","sticky":false,"template":"","format":"standard","meta":{"_acf_changed":false,"iawp_total_views":0,"footnotes":""},"categories":[116],"tags":[125],"class_list":["post-71781","post","type-post","status-publish","format-standard","hentry","category-progepe","tag-aposentadoria"],"acf":[],"_links":{"self":[{"href":"https:\/\/progepe.ufpr.br\/portarias\/wp-json\/wp\/v2\/posts\/71781","targetHints":{"allow":["GET"]}}],"collection":[{"href":"https:\/\/progepe.ufpr.br\/portarias\/wp-json\/wp\/v2\/posts"}],"about":[{"href":"https:\/\/progepe.ufpr.br\/portarias\/wp-json\/wp\/v2\/types\/post"}],"author":[{"embeddable":true,"href":"https:\/\/progepe.ufpr.br\/portarias\/wp-json\/wp\/v2\/users\/41"}],"replies":[{"embeddable":true,"href":"https:\/\/progepe.ufpr.br\/portarias\/wp-json\/wp\/v2\/comments?post=71781"}],"version-history":[{"count":1,"href":"https:\/\/progepe.ufpr.br\/portarias\/wp-json\/wp\/v2\/posts\/71781\/revisions"}],"predecessor-version":[{"id":127038,"href":"https:\/\/progepe.ufpr.br\/portarias\/wp-json\/wp\/v2\/posts\/71781\/revisions\/127038"}],"wp:attachment":[{"href":"https:\/\/progepe.ufpr.br\/portarias\/wp-json\/wp\/v2\/media?parent=71781"}],"wp:term":[{"taxonomy":"category","embeddable":true,"href":"https:\/\/progepe.ufpr.br\/portarias\/wp-json\/wp\/v2\/categories?post=71781"},{"taxonomy":"post_tag","embeddable":true,"href":"https:\/\/progepe.ufpr.br\/portarias\/wp-json\/wp\/v2\/tags?post=71781"}],"curies":[{"name":"wp","href":"https:\/\/api.w.org\/{rel}","templated":true}]}}