{"id":72018,"date":"2019-08-05T10:00:00","date_gmt":"2019-08-05T13:00:00","guid":{"rendered":"http:\/\/progepe.ufpr.br\/portarias\/progepe-2019-03220\/"},"modified":"2023-07-31T16:17:48","modified_gmt":"2023-07-31T19:17:48","slug":"progepe-2019-03220","status":"publish","type":"post","link":"https:\/\/progepe.ufpr.br\/portarias\/progepe-2019-03220\/","title":{"rendered":"PORTARIA N\u00ba 03220\/PROGEPE, DE 05 DE AGOSTO DE 2019"},"content":{"rendered":"\n<p>O Pr\u00f3-Reitor de Gest\u00e3o de Pessoas da Universidade Federal do Paran\u00e1, no uso de suas atribui\u00e7\u00f5es, tendo em vista a compet\u00eancia que lhe \u00e9 conferida pela Portaria n\u00ba 2.590, de 26 de setembro de 1997; o que consta no Art. 100 e 103 da Lei n\u00ba 8.112\/90 e ainda o contido no processo n\u00ba 23075.049868\/2019-58,<\/p>\n\n\n<p><strong>RESOLVE:<\/strong><\/p>\n\n\n<p>Averbar, a partir de 24 de julho de 2019, em favor da servidora LEILA SELEME MARIANO ALVES &#8211; 2280520, ocupante do cargo de Engenheira \u00c1rea, lotada na Unidade de Obras da Superintend\u00eancia de Infraestrutura, o tempo de servi\u00e7o abaixo listado, para fins de: Aposentadoria e disponibilidade: EMPRESA PER\u00cdODO TOTAL DE DIAS Contribuinte Individual 01\/09\/2004 a 31\/12\/2004 122 Contribuinte Individual 01\/04\/2005 a 31\/01\/2006 122 Contribuinte Individual 01\/03\/2006 a 30\/04\/2006 306 Contribuinte Individual 01\/06\/2006 a 30\/06\/2006 61 Contribuinte Individual 01\/08\/2006 a 31\/12\/2006 30 Contribuinte Individual 01\/04\/2007 a 30\/04\/2008 153 Contribuinte Individual 01\/08\/2008 a 30\/09\/2008 396 Contribuinte Individual 01\/09\/2009 a 30\/09\/2009 61 Contribuinte Individual 01\/11\/2009 a 31\/05\/2010 30 Instituto de Tecnologia do Paran\u00e1 01\/06\/2010 a 28\/10\/2010 150 Minist\u00e9rio da Defesa 29\/11\/2010 a 10\/02\/2016 1932<\/p>\n\n\n<div style=\"height:15px\" aria-hidden=\"true\" class=\"wp-block-spacer\"><\/div>\n\n\n<div class=\"wp-block-buttons is-content-justification-right is-layout-flex wp-container-core-buttons-is-layout-1 wp-block-buttons-is-layout-flex\">\n<div class=\"wp-block-button has-custom-font-size is-style-outline has-small-font-size is-style-outline--1\"><a class=\"wp-block-button__link\" href=\"https:\/\/progepe.ufpr.br\/portarias\/wp-content\/uploads\/pcp\/PROGEPE\/2019\/3220PR.pdf\" style=\"border-radius:0px\" target=\"_blank\" rel=\"noreferrer noopener\">Acesse o arquivo da portaria<\/a><\/div><\/div>\n","protected":false},"excerpt":{"rendered":"<p>Averbar, a partir de 24 de julho de 2019, em favor da servidora LEILA SELEME MARIANO ALVES &#8211; 2280520, ocupante do cargo de Engenheira \u00c1rea, lotada na Unidade de Obras da Superintend\u00eancia de Infraestrutura, o tempo de servi\u00e7o abaixo listado, para fins de: Aposentadoria e disponibilidade: EMPRESA PER\u00cdODO TOTAL DE DIAS Contribuinte Individual 01\/09\/2004 a 31\/12\/2004 122 Contribuinte Individual 01\/04\/2005 a 31\/01\/2006 122 Contribuinte Individual 01\/03\/2006 a 30\/04\/2006 306 Contribuinte Individual 01\/06\/2006 a 30\/06\/2006 61 Contribuinte Individual 01\/08\/2006 a 31\/12\/2006 30 Contribuinte Individual 01\/04\/2007 a 30\/04\/2008 153 Contribuinte Individual 01\/08\/2008 a 30\/09\/2008 396 Contribuinte Individual 01\/09\/2009 a 30\/09\/2009<\/p>\n","protected":false},"author":41,"featured_media":0,"comment_status":"closed","ping_status":"open","sticky":false,"template":"","format":"standard","meta":{"_acf_changed":false,"iawp_total_views":3,"footnotes":""},"categories":[116],"tags":[140],"class_list":["post-72018","post","type-post","status-publish","format-standard","hentry","category-progepe","tag-averbacao-desaverbacao"],"acf":[],"_links":{"self":[{"href":"https:\/\/progepe.ufpr.br\/portarias\/wp-json\/wp\/v2\/posts\/72018","targetHints":{"allow":["GET"]}}],"collection":[{"href":"https:\/\/progepe.ufpr.br\/portarias\/wp-json\/wp\/v2\/posts"}],"about":[{"href":"https:\/\/progepe.ufpr.br\/portarias\/wp-json\/wp\/v2\/types\/post"}],"author":[{"embeddable":true,"href":"https:\/\/progepe.ufpr.br\/portarias\/wp-json\/wp\/v2\/users\/41"}],"replies":[{"embeddable":true,"href":"https:\/\/progepe.ufpr.br\/portarias\/wp-json\/wp\/v2\/comments?post=72018"}],"version-history":[{"count":1,"href":"https:\/\/progepe.ufpr.br\/portarias\/wp-json\/wp\/v2\/posts\/72018\/revisions"}],"predecessor-version":[{"id":127274,"href":"https:\/\/progepe.ufpr.br\/portarias\/wp-json\/wp\/v2\/posts\/72018\/revisions\/127274"}],"wp:attachment":[{"href":"https:\/\/progepe.ufpr.br\/portarias\/wp-json\/wp\/v2\/media?parent=72018"}],"wp:term":[{"taxonomy":"category","embeddable":true,"href":"https:\/\/progepe.ufpr.br\/portarias\/wp-json\/wp\/v2\/categories?post=72018"},{"taxonomy":"post_tag","embeddable":true,"href":"https:\/\/progepe.ufpr.br\/portarias\/wp-json\/wp\/v2\/tags?post=72018"}],"curies":[{"name":"wp","href":"https:\/\/api.w.org\/{rel}","templated":true}]}}