{"id":72046,"date":"2019-08-14T10:22:00","date_gmt":"2019-08-14T13:22:00","guid":{"rendered":"http:\/\/progepe.ufpr.br\/portarias\/progepe-2019-03425\/"},"modified":"2023-08-03T12:48:52","modified_gmt":"2023-08-03T15:48:52","slug":"progepe-2019-03425","status":"publish","type":"post","link":"https:\/\/progepe.ufpr.br\/portarias\/progepe-2019-03425\/","title":{"rendered":"PORTARIA N\u00ba 03425\/PROGEPE, DE 14 DE AGOSTO DE 2019"},"content":{"rendered":"\n<p>O Pr\u00f3-Reitor de Gest\u00e3o de Pessoas da Universidade Federal do Paran\u00e1, no uso de suas atribui\u00e7\u00f5es, tendo em vista a compet\u00eancia que lhe \u00e9 conferida pela Portaria n\u00ba 2.590, de 26 de setembro de 1997; o que consta no Art. 103 da Lei n\u00ba 8.112\/90; e, o contido no processo n\u00ba 23075.049350\/2019-14,<\/p>\n\n\n<p><strong>RESOLVE:<\/strong><\/p>\n\n\n<p>Averbar, a partir de 22 de julho de 2019, em favor da servidora MARTA HELENA SZADKOSKI &#8211; 2319773, ocupante do cargo de Secret\u00e1ria Executiva, lotada no Programa de P\u00f3s-Gradua\u00e7\u00e3o em Engenharia de Bioprocessos e Biotecnologia do Setor de Tecnologia, o tempo de servi\u00e7o conforme listado abaixo, para fins de aposentadoria e disponibilidade: EMPRESA PER\u00cdODO TOTAL DE DIAS Auto Pe\u00e7as Alza Ltda. 01\/02\/1989 a 01\/05\/1990 455 Tornado Com\u00e9rcio de Pe\u00e7as e Acess\u00f3rios Ltda. 01\/10\/1994 a 02\/05\/1995 214 Contribuinte Individual 01\/05\/1997 a 30\/09\/1997 153 Contribuinte Individual 01\/12\/1997 a 31\/03\/1998 121 Contribuinte Individual 01\/07\/1998 a 31\/07\/1998 31 Contribuinte Individual 01\/12\/1998 a 31\/12\/1998 31 Contribuinte Individual 01\/06\/1999 a 30\/06\/1999 30 Contribuinte Individual 01\/09\/1999 a 30\/09\/1999 30 Contribuinte Individual 01\/11\/1999 a 30\/11\/1999 30 Contribuinte Individual 01\/12\/1999 a 62 Contribuinte Individual 31\/01\/2000 62 Contribuinte Individual 01\/04\/2000 a 30\/09\/2000 183 Contribuinte Individual 01\/11\/2000 a 30\/11\/2000 30 Contribuinte Individual 01\/01\/2001 a 31\/12\/2001 365 Centro Educacional das Am\u00e9ricas Ltda. 01\/01\/2002 a 24\/05\/2004 875 Uni\u00e3o Din\u00e2mica de Faculdades Cataratas UDC 01\/12\/2005 a Ltda. 13\/09\/2006 287 Uni\u00e3o Din\u00e2mica de Faculdades Cataratas UDC 06\/02\/2007 a Ltda. 20\/10\/2008 623 Contribuinte Individual 01\/01\/2009 a 31\/03\/2009 90 Auto Mec\u00e2nica It\u00e1lia Car Service Ltda. 01\/12\/2009 a 30\/08\/2010 273 Servi\u00e7o Nacional de Aprendizagem Industrial &#8211; 07\/11\/2011 a SENAI 14\/06\/2016 1.682<\/p>\n\n\n<div style=\"height:15px\" aria-hidden=\"true\" class=\"wp-block-spacer\"><\/div>\n\n\n<div class=\"wp-block-buttons is-content-justification-right is-layout-flex wp-container-core-buttons-is-layout-1 wp-block-buttons-is-layout-flex\">\n<div class=\"wp-block-button has-custom-font-size is-style-outline has-small-font-size is-style-outline--1\"><a class=\"wp-block-button__link\" href=\"https:\/\/progepe.ufpr.br\/portarias\/wp-content\/uploads\/pcp\/PROGEPE\/2019\/3425PR.pdf\" style=\"border-radius:0px\" target=\"_blank\" rel=\"noreferrer noopener\">Acesse o arquivo da portaria<\/a><\/div><\/div>\n","protected":false},"excerpt":{"rendered":"<p>Averbar, a partir de 22 de julho de 2019, em favor da servidora MARTA HELENA SZADKOSKI &#8211; 2319773, ocupante do cargo de Secret\u00e1ria Executiva, lotada no Programa de P\u00f3s-Gradua\u00e7\u00e3o em Engenharia de Bioprocessos e Biotecnologia do Setor de Tecnologia, o tempo de servi\u00e7o conforme listado abaixo, para fins de aposentadoria e disponibilidade: EMPRESA PER\u00cdODO TOTAL DE DIAS Auto Pe\u00e7as Alza Ltda. 01\/02\/1989 a 01\/05\/1990 455 Tornado Com\u00e9rcio de Pe\u00e7as e Acess\u00f3rios Ltda. 01\/10\/1994 a 02\/05\/1995 214 Contribuinte Individual 01\/05\/1997 a 30\/09\/1997 153 Contribuinte Individual 01\/12\/1997 a 31\/03\/1998 121 Contribuinte Individual 01\/07\/1998 a 31\/07\/1998 31 Contribuinte Individual 01\/12\/1998 a<\/p>\n","protected":false},"author":41,"featured_media":0,"comment_status":"closed","ping_status":"open","sticky":false,"template":"","format":"standard","meta":{"_acf_changed":false,"iawp_total_views":3,"footnotes":""},"categories":[116],"tags":[140],"class_list":["post-72046","post","type-post","status-publish","format-standard","hentry","category-progepe","tag-averbacao-desaverbacao"],"acf":[],"_links":{"self":[{"href":"https:\/\/progepe.ufpr.br\/portarias\/wp-json\/wp\/v2\/posts\/72046","targetHints":{"allow":["GET"]}}],"collection":[{"href":"https:\/\/progepe.ufpr.br\/portarias\/wp-json\/wp\/v2\/posts"}],"about":[{"href":"https:\/\/progepe.ufpr.br\/portarias\/wp-json\/wp\/v2\/types\/post"}],"author":[{"embeddable":true,"href":"https:\/\/progepe.ufpr.br\/portarias\/wp-json\/wp\/v2\/users\/41"}],"replies":[{"embeddable":true,"href":"https:\/\/progepe.ufpr.br\/portarias\/wp-json\/wp\/v2\/comments?post=72046"}],"version-history":[{"count":1,"href":"https:\/\/progepe.ufpr.br\/portarias\/wp-json\/wp\/v2\/posts\/72046\/revisions"}],"predecessor-version":[{"id":127302,"href":"https:\/\/progepe.ufpr.br\/portarias\/wp-json\/wp\/v2\/posts\/72046\/revisions\/127302"}],"wp:attachment":[{"href":"https:\/\/progepe.ufpr.br\/portarias\/wp-json\/wp\/v2\/media?parent=72046"}],"wp:term":[{"taxonomy":"category","embeddable":true,"href":"https:\/\/progepe.ufpr.br\/portarias\/wp-json\/wp\/v2\/categories?post=72046"},{"taxonomy":"post_tag","embeddable":true,"href":"https:\/\/progepe.ufpr.br\/portarias\/wp-json\/wp\/v2\/tags?post=72046"}],"curies":[{"name":"wp","href":"https:\/\/api.w.org\/{rel}","templated":true}]}}