{"id":72047,"date":"2019-08-15T10:01:00","date_gmt":"2019-08-15T13:01:00","guid":{"rendered":"http:\/\/progepe.ufpr.br\/portarias\/progepe-2019-03428\/"},"modified":"2023-08-03T12:48:52","modified_gmt":"2023-08-03T15:48:52","slug":"progepe-2019-03428","status":"publish","type":"post","link":"https:\/\/progepe.ufpr.br\/portarias\/progepe-2019-03428\/","title":{"rendered":"PORTARIA N\u00ba 03428\/PROGEPE, DE 15 DE AGOSTO DE 2019"},"content":{"rendered":"\n<p>O Pr\u00f3-Reitor de Gest\u00e3o de Pessoas da Universidade Federal do Paran\u00e1, no uso de suas atribui\u00e7\u00f5es, tendo em vista a compet\u00eancia que lhe \u00e9 conferida pela Portaria n\u00ba 2.590, de 26 de setembro de 1997; o que consta no Art. 100 e 103 da Lei n\u00ba 8.112\/90 e ainda o contido no processo n\u00ba 23075.055204\/2019-28,<\/p>\n\n\n<p><strong>RESOLVE:<\/strong><\/p>\n\n\n<p>Averbar, a partir de 09 de agosto de 2019, em favor do servidor EDSON LUIZ DA SILVA &#8211; 344339, ocupante do cargo de T\u00e9cnico de Laborat\u00f3rio \u00c1rea, lotado no Departamento de Engenharia Mec\u00e2nica do Setor de Tecnologia, o tempo de servi\u00e7o abaixo listado, para fins de: Aposentadoria e disponibilidade: EMPRESA PER\u00cdODO TOTAL DE DIAS MECTRONIX LTDA 01\/07\/1989 a 20\/12\/1990 538 NOVA ERA &#8211; RECURSOS HUMANOS LTDA 14\/05\/1991 a 31\/05\/1991 18 WORK TRABALHO TEMPORARIO LTDA 06\/06\/1991 a 26\/06\/1991 21 PRODUCTA INDUSTRIA E COMERCIO DE 10\/07\/1991 a UTILIDADES DOMESTICAS 11\/12\/1991 155 ENGEFE ENGENHARIA DE FUNDACOES E 10\/02\/1992 a ESTRUTURAS LTDA 13\/03\/1992 33 L. ALBERTI USINAGEM E SERVICOS EIRELI 01\/04\/1992 a 290 L. ALBERTI USINAGEM E SERVICOS EIRELI 15\/01\/1993 290<\/p>\n\n\n<div style=\"height:15px\" aria-hidden=\"true\" class=\"wp-block-spacer\"><\/div>\n\n\n<div class=\"wp-block-buttons is-content-justification-right is-layout-flex wp-container-core-buttons-is-layout-1 wp-block-buttons-is-layout-flex\">\n<div class=\"wp-block-button has-custom-font-size is-style-outline has-small-font-size is-style-outline--1\"><a class=\"wp-block-button__link\" href=\"https:\/\/progepe.ufpr.br\/portarias\/wp-content\/uploads\/pcp\/PROGEPE\/2019\/3428PR.pdf\" style=\"border-radius:0px\" target=\"_blank\" rel=\"noreferrer noopener\">Acesse o arquivo da portaria<\/a><\/div><\/div>\n","protected":false},"excerpt":{"rendered":"<p>Averbar, a partir de 09 de agosto de 2019, em favor do servidor EDSON LUIZ DA SILVA &#8211; 344339, ocupante do cargo de T\u00e9cnico de Laborat\u00f3rio \u00c1rea, lotado no Departamento de Engenharia Mec\u00e2nica do Setor de Tecnologia, o tempo de servi\u00e7o abaixo listado, para fins de: Aposentadoria e disponibilidade: EMPRESA PER\u00cdODO TOTAL DE DIAS MECTRONIX LTDA 01\/07\/1989 a 20\/12\/1990 538 NOVA ERA &#8211; RECURSOS HUMANOS LTDA 14\/05\/1991 a 31\/05\/1991 18 WORK TRABALHO TEMPORARIO LTDA 06\/06\/1991 a 26\/06\/1991 21 PRODUCTA INDUSTRIA E COMERCIO DE 10\/07\/1991 a UTILIDADES DOMESTICAS 11\/12\/1991 155 ENGEFE ENGENHARIA DE FUNDACOES E 10\/02\/1992 a ESTRUTURAS LTDA<\/p>\n","protected":false},"author":41,"featured_media":0,"comment_status":"closed","ping_status":"open","sticky":false,"template":"","format":"standard","meta":{"_acf_changed":false,"iawp_total_views":0,"footnotes":""},"categories":[116],"tags":[140],"class_list":["post-72047","post","type-post","status-publish","format-standard","hentry","category-progepe","tag-averbacao-desaverbacao"],"acf":[],"_links":{"self":[{"href":"https:\/\/progepe.ufpr.br\/portarias\/wp-json\/wp\/v2\/posts\/72047","targetHints":{"allow":["GET"]}}],"collection":[{"href":"https:\/\/progepe.ufpr.br\/portarias\/wp-json\/wp\/v2\/posts"}],"about":[{"href":"https:\/\/progepe.ufpr.br\/portarias\/wp-json\/wp\/v2\/types\/post"}],"author":[{"embeddable":true,"href":"https:\/\/progepe.ufpr.br\/portarias\/wp-json\/wp\/v2\/users\/41"}],"replies":[{"embeddable":true,"href":"https:\/\/progepe.ufpr.br\/portarias\/wp-json\/wp\/v2\/comments?post=72047"}],"version-history":[{"count":1,"href":"https:\/\/progepe.ufpr.br\/portarias\/wp-json\/wp\/v2\/posts\/72047\/revisions"}],"predecessor-version":[{"id":127303,"href":"https:\/\/progepe.ufpr.br\/portarias\/wp-json\/wp\/v2\/posts\/72047\/revisions\/127303"}],"wp:attachment":[{"href":"https:\/\/progepe.ufpr.br\/portarias\/wp-json\/wp\/v2\/media?parent=72047"}],"wp:term":[{"taxonomy":"category","embeddable":true,"href":"https:\/\/progepe.ufpr.br\/portarias\/wp-json\/wp\/v2\/categories?post=72047"},{"taxonomy":"post_tag","embeddable":true,"href":"https:\/\/progepe.ufpr.br\/portarias\/wp-json\/wp\/v2\/tags?post=72047"}],"curies":[{"name":"wp","href":"https:\/\/api.w.org\/{rel}","templated":true}]}}