{"id":72051,"date":"2019-08-19T10:27:00","date_gmt":"2019-08-19T13:27:00","guid":{"rendered":"http:\/\/progepe.ufpr.br\/portarias\/progepe-2019-03469\/"},"modified":"2023-08-03T12:48:58","modified_gmt":"2023-08-03T15:48:58","slug":"progepe-2019-03469","status":"publish","type":"post","link":"https:\/\/progepe.ufpr.br\/portarias\/progepe-2019-03469\/","title":{"rendered":"PORTARIA N\u00ba 03469\/PROGEPE, DE 19 DE AGOSTO DE 2019"},"content":{"rendered":"\n<p>O Pr\u00f3-Reitor de Gest\u00e3o de Pessoas da Universidade Federal do Paran\u00e1, no uso de suas atribui\u00e7\u00f5es, tendo em vista a compet\u00eancia que lhe \u00e9 conferida pela Portaria n\u00ba 2.590, de 26 de setembro de 1997; o que consta no Art. 103 da Lei n\u00ba 8.112\/90; e, o contido no processo n\u00ba 23075.056391\/2019-67,<\/p>\n\n\n<p><strong>RESOLVE:<\/strong><\/p>\n\n\n<p>Averbar, a partir de 14 de agosto de 2019, em favor da servidora ELISANGELA ALVES DA SILVA SCAFF  &#8211; 1802546, ocupante do cargo de Professora do Magist\u00e9rio Superior, lotada no Departamento de Planejamento e Administra\u00e7\u00e3o Escolar do Setor de Educa\u00e7\u00e3o, o tempo de servi\u00e7o conforme listado abaixo, para fins de aposentadoria e disponibilidade: EMPRESA PER\u00cdODO TOTAL DE DIAS Centro de Desenvolvimento do Pot. Humano Raio de 02\/05\/1991 a Luz Ltda. 30\/10\/1991 182 Associa\u00e7\u00e3o Municipal da OMEP de Campo Grande &#8211; 27\/06\/1995  a MS 27\/04\/1996 306<\/p>\n\n\n<div style=\"height:15px\" aria-hidden=\"true\" class=\"wp-block-spacer\"><\/div>\n\n\n<div class=\"wp-block-buttons is-content-justification-right is-layout-flex wp-container-core-buttons-is-layout-1 wp-block-buttons-is-layout-flex\">\n<div class=\"wp-block-button has-custom-font-size is-style-outline has-small-font-size is-style-outline--1\"><a class=\"wp-block-button__link\" href=\"https:\/\/progepe.ufpr.br\/portarias\/wp-content\/uploads\/pcp\/PROGEPE\/2019\/3469PR.pdf\" style=\"border-radius:0px\" target=\"_blank\" rel=\"noreferrer noopener\">Acesse o arquivo da portaria<\/a><\/div><\/div>\n","protected":false},"excerpt":{"rendered":"<p>Averbar, a partir de 14 de agosto de 2019, em favor da servidora ELISANGELA ALVES DA SILVA SCAFF &#8211; 1802546, ocupante do cargo de Professora do Magist\u00e9rio Superior, lotada no Departamento de Planejamento e Administra\u00e7\u00e3o Escolar do Setor de Educa\u00e7\u00e3o, o tempo de servi\u00e7o conforme listado abaixo, para fins de aposentadoria e disponibilidade: EMPRESA PER\u00cdODO TOTAL DE DIAS Centro de Desenvolvimento do Pot. Humano Raio de 02\/05\/1991 a Luz Ltda. 30\/10\/1991 182 Associa\u00e7\u00e3o Municipal da OMEP de Campo Grande &#8211; 27\/06\/1995 a MS 27\/04\/1996 306  {&#8220;height&#8221;:&#8221;15px&#8221;} <\/p>\n<div style=\"height:15px\" aria-hidden=\"true\" class=\"wp-block-spacer\"> <!-- \/wp:spacer  {\"layout\":{\"type\":\"flex\",\"justifyContent\":\"right\"}} \n\n<div class=\"wp-block-buttons\"><!-- wp:button\n<\/p>\n","protected":false},"author":41,"featured_media":0,"comment_status":"closed","ping_status":"open","sticky":false,"template":"","format":"standard","meta":{"_acf_changed":false,"iawp_total_views":0,"footnotes":""},"categories":[116],"tags":[140],"class_list":["post-72051","post","type-post","status-publish","format-standard","hentry","category-progepe","tag-averbacao-desaverbacao"],"acf":[],"_links":{"self":[{"href":"https:\/\/progepe.ufpr.br\/portarias\/wp-json\/wp\/v2\/posts\/72051","targetHints":{"allow":["GET"]}}],"collection":[{"href":"https:\/\/progepe.ufpr.br\/portarias\/wp-json\/wp\/v2\/posts"}],"about":[{"href":"https:\/\/progepe.ufpr.br\/portarias\/wp-json\/wp\/v2\/types\/post"}],"author":[{"embeddable":true,"href":"https:\/\/progepe.ufpr.br\/portarias\/wp-json\/wp\/v2\/users\/41"}],"replies":[{"embeddable":true,"href":"https:\/\/progepe.ufpr.br\/portarias\/wp-json\/wp\/v2\/comments?post=72051"}],"version-history":[{"count":1,"href":"https:\/\/progepe.ufpr.br\/portarias\/wp-json\/wp\/v2\/posts\/72051\/revisions"}],"predecessor-version":[{"id":127307,"href":"https:\/\/progepe.ufpr.br\/portarias\/wp-json\/wp\/v2\/posts\/72051\/revisions\/127307"}],"wp:attachment":[{"href":"https:\/\/progepe.ufpr.br\/portarias\/wp-json\/wp\/v2\/media?parent=72051"}],"wp:term":[{"taxonomy":"category","embeddable":true,"href":"https:\/\/progepe.ufpr.br\/portarias\/wp-json\/wp\/v2\/categories?post=72051"},{"taxonomy":"post_tag","embeddable":true,"href":"https:\/\/progepe.ufpr.br\/portarias\/wp-json\/wp\/v2\/tags?post=72051"}],"curies":[{"name":"wp","href":"https:\/\/api.w.org\/{rel}","templated":true}]}}