{"id":72109,"date":"2019-09-16T10:02:00","date_gmt":"2019-09-16T13:02:00","guid":{"rendered":"http:\/\/progepe.ufpr.br\/portarias\/progepe-2019-03816\/"},"modified":"2023-08-03T12:49:39","modified_gmt":"2023-08-03T15:49:39","slug":"progepe-2019-03816","status":"publish","type":"post","link":"https:\/\/progepe.ufpr.br\/portarias\/progepe-2019-03816\/","title":{"rendered":"PORTARIA N\u00ba 03816\/PROGEPE, DE 16 DE SETEMBRO DE 2019"},"content":{"rendered":"\n<p>O Pr\u00f3-Reitor de Gest\u00e3o de Pessoas da Universidade Federal do Paran\u00e1, no uso de suas atribui\u00e7\u00f5es, tendo em vista a compet\u00eancia que lhe \u00e9 conferida pela Portaria n\u00ba 2.590, de 26 de setembro de 1997; o que consta no Art. 100 e 103 da Lei n\u00ba 8.112\/90 e ainda o contido no processo n\u00ba 23075.064844\/2019-29,<\/p>\n\n\n<p><strong>RESOLVE:<\/strong><\/p>\n\n\n<p>Averbar, a partir de 09 de setembro de 2019, em favor da servidora SIMONE APARECIDA VERCHAI &#8211; 343763, ocupante do cargo de Recepcionista, lotada na Se\u00e7\u00e3o de Verifica\u00e7\u00e3o de Dados Pessoais da Pr\u00f3-Reitoria de Gradua\u00e7\u00e3o, o tempo de servi\u00e7o abaixo listado, para fins de: Aposentadoria e disponibilidade: EMPRESA PER\u00cdODO TOTAL DE DIAS VARANDA ADMINISTRACAO DE HOTEIS LTDA 01\/03\/1991 a 27\/03\/1991 27 EQUIPE &#8211; DISTRIBUICAO DE MEDICAMENTOS 01\/04\/1991 a COMERCIO E REPRES 01\/05\/1991 31 DENTAPAR-CLINICA PARANAENSE DE ASSIST 19\/06\/1991 a ODONTOLOGICA LTDA 22\/11\/1991 157<\/p>\n\n\n<div style=\"height:15px\" aria-hidden=\"true\" class=\"wp-block-spacer\"><\/div>\n\n\n<div class=\"wp-block-buttons is-content-justification-right is-layout-flex wp-container-core-buttons-is-layout-1 wp-block-buttons-is-layout-flex\">\n<div class=\"wp-block-button has-custom-font-size is-style-outline has-small-font-size is-style-outline--1\"><a class=\"wp-block-button__link\" href=\"https:\/\/progepe.ufpr.br\/portarias\/wp-content\/uploads\/pcp\/PROGEPE\/2019\/3816PR.pdf\" style=\"border-radius:0px\" target=\"_blank\" rel=\"noreferrer noopener\">Acesse o arquivo da portaria<\/a><\/div><\/div>\n","protected":false},"excerpt":{"rendered":"<p>Averbar, a partir de 09 de setembro de 2019, em favor da servidora SIMONE APARECIDA VERCHAI &#8211; 343763, ocupante do cargo de Recepcionista, lotada na Se\u00e7\u00e3o de Verifica\u00e7\u00e3o de Dados Pessoais da Pr\u00f3-Reitoria de Gradua\u00e7\u00e3o, o tempo de servi\u00e7o abaixo listado, para fins de: Aposentadoria e disponibilidade: EMPRESA PER\u00cdODO TOTAL DE DIAS VARANDA ADMINISTRACAO DE HOTEIS LTDA 01\/03\/1991 a 27\/03\/1991 27 EQUIPE &#8211; DISTRIBUICAO DE MEDICAMENTOS 01\/04\/1991 a COMERCIO E REPRES 01\/05\/1991 31 DENTAPAR-CLINICA PARANAENSE DE ASSIST 19\/06\/1991 a ODONTOLOGICA LTDA 22\/11\/1991 157  {&#8220;height&#8221;:&#8221;15px&#8221;} <\/p>\n<div style=\"height:15px\" aria-hidden=\"true\" class=\"wp-block-spacer\"> <!-- \/wp:spacer  {\"layout\":{\"type\":\"flex\",\"justifyContent\":\"right\"}} \n\n<div class=\"wp-block-buttons\"><!-- wp:button {\"style\":{\"border\":{\"radius\":\"0px\"}},\"className\":\"is-style-outline\",\"fontSize\":\"small\"} \n\n<div \n\n","protected":false},"author":41,"featured_media":0,"comment_status":"closed","ping_status":"open","sticky":false,"template":"","format":"standard","meta":{"_acf_changed":false,"iawp_total_views":2,"footnotes":""},"categories":[116],"tags":[140],"class_list":["post-72109","post","type-post","status-publish","format-standard","hentry","category-progepe","tag-averbacao-desaverbacao"],"acf":[],"_links":{"self":[{"href":"https:\/\/progepe.ufpr.br\/portarias\/wp-json\/wp\/v2\/posts\/72109","targetHints":{"allow":["GET"]}}],"collection":[{"href":"https:\/\/progepe.ufpr.br\/portarias\/wp-json\/wp\/v2\/posts"}],"about":[{"href":"https:\/\/progepe.ufpr.br\/portarias\/wp-json\/wp\/v2\/types\/post"}],"author":[{"embeddable":true,"href":"https:\/\/progepe.ufpr.br\/portarias\/wp-json\/wp\/v2\/users\/41"}],"replies":[{"embeddable":true,"href":"https:\/\/progepe.ufpr.br\/portarias\/wp-json\/wp\/v2\/comments?post=72109"}],"version-history":[{"count":1,"href":"https:\/\/progepe.ufpr.br\/portarias\/wp-json\/wp\/v2\/posts\/72109\/revisions"}],"predecessor-version":[{"id":127365,"href":"https:\/\/progepe.ufpr.br\/portarias\/wp-json\/wp\/v2\/posts\/72109\/revisions\/127365"}],"wp:attachment":[{"href":"https:\/\/progepe.ufpr.br\/portarias\/wp-json\/wp\/v2\/media?parent=72109"}],"wp:term":[{"taxonomy":"category","embeddable":true,"href":"https:\/\/progepe.ufpr.br\/portarias\/wp-json\/wp\/v2\/categories?post=72109"},{"taxonomy":"post_tag","embeddable":true,"href":"https:\/\/progepe.ufpr.br\/portarias\/wp-json\/wp\/v2\/tags?post=72109"}],"curies":[{"name":"wp","href":"https:\/\/api.w.org\/{rel}","templated":true}]}}