{"id":72559,"date":"2019-01-07T10:13:00","date_gmt":"2019-01-07T12:13:00","guid":{"rendered":"http:\/\/progepe.ufpr.br\/portarias\/progepe-2019-00039\/"},"modified":"2023-08-03T12:42:12","modified_gmt":"2023-08-03T15:42:12","slug":"progepe-2019-00039","status":"publish","type":"post","link":"https:\/\/progepe.ufpr.br\/portarias\/progepe-2019-00039\/","title":{"rendered":"PORTARIA N\u00ba 00039\/PROGEPE, DE 07 DE JANEIRO DE 2019"},"content":{"rendered":"\n<p>O Pr\u00f3-Reitor de Gest\u00e3o de Pessoas da Universidade Federal do Paran\u00e1, no uso de suas atribui\u00e7\u00f5es, tendo em vista a compet\u00eancia que lhe \u00e9 conferida pela Portaria n\u00ba 2.590, de 26 de setembro de 1997, considerando o que consta nas Leis n\u00ba 8.745\/93 e 9.849\/99 e o que consta no processo n\u00ba 23075.072935\/2018-57,<\/p>\n\n\n\n<p><strong>RESOLVE:<\/strong><\/p>\n\n\n\n<p>Autorizar, a partir de 01 de janeiro de 2019 at\u00e9 31 de janeiro de 2019, a prorroga\u00e7\u00e3o do contrato de MIGUEL JORGE SALDANA JIMENEZ &#8211; 3013360, como Professor Substituto, com sal\u00e1rio correspondente \u00e0 classe A, Adjunto A, no regime de trabalho de 40 (quarenta) horas semanais, para o Centro de Estudos do Mar.<\/p>\n\n\n\n<div style=\"height:15px\" aria-hidden=\"true\" class=\"wp-block-spacer\"><\/div>\n","protected":false},"excerpt":{"rendered":"<p>Autorizar, a partir de 01 de janeiro de 2019 at\u00e9 31 de janeiro de 2019, a prorroga\u00e7\u00e3o do contrato de MIGUEL JORGE SALDANA JIMENEZ &#8211; 3013360, como Professor Substituto, com sal\u00e1rio correspondente \u00e0 classe A, Adjunto A, no regime de trabalho de 40 (quarenta) horas semanais, para o Centro de Estudos do Mar.  {&#8220;height&#8221;:&#8221;15px&#8221;} <\/p>\n<div style=\"height:15px\" aria-hidden=\"true\" class=\"wp-block-spacer\"> <!-- \/wp:spacer\n<\/p>\n","protected":false},"author":41,"featured_media":0,"comment_status":"closed","ping_status":"open","sticky":false,"template":"","format":"standard","meta":{"_acf_changed":false,"iawp_total_views":0,"footnotes":""},"categories":[116],"tags":[141],"class_list":["post-72559","post","type-post","status-publish","format-standard","hentry","category-progepe","tag-contratacao"],"acf":[],"_links":{"self":[{"href":"https:\/\/progepe.ufpr.br\/portarias\/wp-json\/wp\/v2\/posts\/72559","targetHints":{"allow":["GET"]}}],"collection":[{"href":"https:\/\/progepe.ufpr.br\/portarias\/wp-json\/wp\/v2\/posts"}],"about":[{"href":"https:\/\/progepe.ufpr.br\/portarias\/wp-json\/wp\/v2\/types\/post"}],"author":[{"embeddable":true,"href":"https:\/\/progepe.ufpr.br\/portarias\/wp-json\/wp\/v2\/users\/41"}],"replies":[{"embeddable":true,"href":"https:\/\/progepe.ufpr.br\/portarias\/wp-json\/wp\/v2\/comments?post=72559"}],"version-history":[{"count":3,"href":"https:\/\/progepe.ufpr.br\/portarias\/wp-json\/wp\/v2\/posts\/72559\/revisions"}],"predecessor-version":[{"id":190331,"href":"https:\/\/progepe.ufpr.br\/portarias\/wp-json\/wp\/v2\/posts\/72559\/revisions\/190331"}],"wp:attachment":[{"href":"https:\/\/progepe.ufpr.br\/portarias\/wp-json\/wp\/v2\/media?parent=72559"}],"wp:term":[{"taxonomy":"category","embeddable":true,"href":"https:\/\/progepe.ufpr.br\/portarias\/wp-json\/wp\/v2\/categories?post=72559"},{"taxonomy":"post_tag","embeddable":true,"href":"https:\/\/progepe.ufpr.br\/portarias\/wp-json\/wp\/v2\/tags?post=72559"}],"curies":[{"name":"wp","href":"https:\/\/api.w.org\/{rel}","templated":true}]}}