{"id":72609,"date":"2019-05-03T10:08:00","date_gmt":"2019-05-03T13:08:00","guid":{"rendered":"http:\/\/progepe.ufpr.br\/portarias\/progepe-2019-01835\/"},"modified":"2023-08-03T12:45:44","modified_gmt":"2023-08-03T15:45:44","slug":"progepe-2019-01835","status":"publish","type":"post","link":"https:\/\/progepe.ufpr.br\/portarias\/progepe-2019-01835\/","title":{"rendered":"PORTARIA N\u00ba 01835\/PROGEPE, DE 03 DE MAIO DE 2019"},"content":{"rendered":"\n<p>O Pr\u00f3-Reitor de Gest\u00e3o de Pessoas da Universidade Federal do Paran\u00e1, no uso de suas atribui\u00e7\u00f5es, tendo em vista a compet\u00eancia que lhe \u00e9 conferida pela Portaria n\u00ba 2.590, de 26 de setembro de 1997; o disposto na Portaria Interministerial n\u00ba 441, de 20 de novembro de 2014; Portaria MP\/GM n\u00ba 555, de 30 de dezembro de 2014; o contido no processo n\u00ba 23075.029751\/2019-58; e considerando: A Instru\u00e7\u00e3o Normativa n\u00ba 03, de 11 de fevereiro de 2015, da Secretaria de Log\u00edstica e Tecnologia da Informa\u00e7\u00e3o\/MP, que disp\u00f5e sobre diretrizes e procedimentos para aquisi\u00e7\u00e3o de passagens a\u00e9reas pela Administra\u00e7\u00e3o P\u00fablica Federal direta, aut\u00e1rquica e fundacional; O Of\u00edcio-Circular n\u00ba 009\/2015-PROPLAN, que disp\u00f5e sobre a ades\u00e3o ao Cart\u00e3o de Pagamento do Governo Federal CPGF- Passagem e os novos procedimentos para aquisi\u00e7\u00e3o de passagens a\u00e9reas nacionais;<\/p>\n\n\n<p><strong>RESOLVE:<\/strong><\/p>\n\n\n<p>I . Designar os servidores LUCIANO LEPKA PORTELA &#8211; 2326905, CPF n\u00ba \u275a\u275a\u275a.\u275a\u275a\u275a.\u275a\u275a\u275a-\u275a\u275a; e, SAMUEL DOS SANTOS PRADO &#8211; 3064230, CPF n\u00ba \u275a\u275a\u275a.\u275a\u275a\u275a.\u275a\u275a\u275a-\u275a\u275a, para exercerem no Sistema de Concess\u00e3o de Di\u00e1rias e Passagens do Governo Federal &#8211; SCDP, no \u00e2mbito do Setor de Ci\u00eancias Jur\u00eddicas, as atividades previstas nos Art. 15 e 20 da IN MP n\u00ba 03\/2015-SLTI\/MPOG, com suas respectivas atribui\u00e7\u00f5es.<\/p><p> II. Quando um dos servidores acima nomeados desempenhar as fun\u00e7\u00f5es previstas no Art. 15 da IN MP n\u00ba 03\/2015-SLTI\/MPOG, consequentemente o outro dever\u00e1 desempenhar as fun\u00e7\u00f5es previstas no Art. 20; e, em hip\u00f3tese alguma os dois servidores dever\u00e3o desempenhar as mesmas fun\u00e7\u00f5es.<\/p><p> III. Esta Portaria cessa os efeitos da Portaria n\u00ba 16.062\/PROGEPE, de 21 de mar\u00e7o de 2016.<\/p><p><\/p>\n\n\n<div style=\"height:15px\" aria-hidden=\"true\" class=\"wp-block-spacer\"><\/div>\n\n\n<div class=\"wp-block-buttons is-content-justification-right is-layout-flex wp-container-core-buttons-is-layout-1 wp-block-buttons-is-layout-flex\">\n<div class=\"wp-block-button has-custom-font-size is-style-outline has-small-font-size is-style-outline--1\"><a class=\"wp-block-button__link\" href=\"https:\/\/progepe.ufpr.br\/portarias\/wp-content\/uploads\/pcp\/PROGEPE\/2019\/1835PR.pdf\" style=\"border-radius:0px\" target=\"_blank\" rel=\"noreferrer noopener\">Acesse o arquivo da portaria<\/a><\/div><\/div>\n","protected":false},"excerpt":{"rendered":"<p>I . Designar os servidores LUCIANO LEPKA PORTELA &#8211; 2326905, CPF n\u00ba \u275a\u275a\u275a.\u275a\u275a\u275a.\u275a\u275a\u275a-\u275a\u275a; e, SAMUEL DOS SANTOS PRADO &#8211; 3064230, CPF n\u00ba \u275a\u275a\u275a.\u275a\u275a\u275a.\u275a\u275a\u275a-\u275a\u275a, para exercerem no Sistema de Concess\u00e3o de Di\u00e1rias e Passagens do Governo Federal &#8211; SCDP, no \u00e2mbito do Setor de Ci\u00eancias Jur\u00eddicas, as atividades previstas nos Art. 15 e 20 da IN MP n\u00ba 03\/2015-SLTI\/MPOG, com suas respectivas atribui\u00e7\u00f5es. II. Quando um dos servidores acima nomeados desempenhar as fun\u00e7\u00f5es previstas no Art. 15 da IN MP n\u00ba 03\/2015-SLTI\/MPOG, consequentemente o outro dever\u00e1 desempenhar as fun\u00e7\u00f5es previstas no Art. 20; e, em hip\u00f3tese alguma os dois<\/p>\n","protected":false},"author":41,"featured_media":0,"comment_status":"closed","ping_status":"open","sticky":false,"template":"","format":"standard","meta":{"_acf_changed":false,"iawp_total_views":2,"footnotes":""},"categories":[116],"tags":[119],"class_list":["post-72609","post","type-post","status-publish","format-standard","hentry","category-progepe","tag-diversos"],"acf":[],"_links":{"self":[{"href":"https:\/\/progepe.ufpr.br\/portarias\/wp-json\/wp\/v2\/posts\/72609","targetHints":{"allow":["GET"]}}],"collection":[{"href":"https:\/\/progepe.ufpr.br\/portarias\/wp-json\/wp\/v2\/posts"}],"about":[{"href":"https:\/\/progepe.ufpr.br\/portarias\/wp-json\/wp\/v2\/types\/post"}],"author":[{"embeddable":true,"href":"https:\/\/progepe.ufpr.br\/portarias\/wp-json\/wp\/v2\/users\/41"}],"replies":[{"embeddable":true,"href":"https:\/\/progepe.ufpr.br\/portarias\/wp-json\/wp\/v2\/comments?post=72609"}],"version-history":[{"count":1,"href":"https:\/\/progepe.ufpr.br\/portarias\/wp-json\/wp\/v2\/posts\/72609\/revisions"}],"predecessor-version":[{"id":127863,"href":"https:\/\/progepe.ufpr.br\/portarias\/wp-json\/wp\/v2\/posts\/72609\/revisions\/127863"}],"wp:attachment":[{"href":"https:\/\/progepe.ufpr.br\/portarias\/wp-json\/wp\/v2\/media?parent=72609"}],"wp:term":[{"taxonomy":"category","embeddable":true,"href":"https:\/\/progepe.ufpr.br\/portarias\/wp-json\/wp\/v2\/categories?post=72609"},{"taxonomy":"post_tag","embeddable":true,"href":"https:\/\/progepe.ufpr.br\/portarias\/wp-json\/wp\/v2\/tags?post=72609"}],"curies":[{"name":"wp","href":"https:\/\/api.w.org\/{rel}","templated":true}]}}