{"id":72852,"date":"2019-02-19T10:03:00","date_gmt":"2019-02-19T13:03:00","guid":{"rendered":"http:\/\/progepe.ufpr.br\/portarias\/progepe-2019-00786\/"},"modified":"2023-08-03T12:43:39","modified_gmt":"2023-08-03T15:43:39","slug":"progepe-2019-00786","status":"publish","type":"post","link":"https:\/\/progepe.ufpr.br\/portarias\/progepe-2019-00786\/","title":{"rendered":"PORTARIA N\u00ba 00786\/PROGEPE, DE 19 DE FEVEREIRO DE 2019"},"content":{"rendered":"\n<p>O Pr\u00f3-Reitor de Gest\u00e3o de Pessoas da Universidade Federal do Paran\u00e1, no uso de suas atribui\u00e7\u00f5es, tendo em vista a compet\u00eancia que lhe \u00e9 conferida pela Portaria n\u00ba 2.590, de 26 de setembro de 1997 e considerando o que consta do processo n\u00ba 23075.006091\/2019-37,<\/p>\n\n\n<p><strong>RESOLVE:<\/strong><\/p>\n\n\n<p>I. Declarar vago, a partir de 20 de fevereiro de 2019, o cargo de Professor do Magist\u00e9rio Superior, ocupado por FABIANA LUIZA NEGRI \u2013 1128795, lotada na Coordena\u00e7\u00e3o da C\u00e2mara Curso de Servi\u00e7o Social do Setor Litoral, em virtude de posse em outro cargo p\u00fablico inacumul\u00e1vel, de acordo com o disposto no Artigo 33 da Lei n\u00ba 8.112\/90.<\/p><p> II. Considerando que a servidora n\u00e3o adquiriu a estabilidade prevista no Art. 21 da Lei n\u00ba 8.112\/90, a presente declara\u00e7\u00e3o de vac\u00e2ncia n\u00e3o gera direito \u00e0 recondu\u00e7\u00e3o estabelecida no Art. 29 da citada Lei.<\/p><p><\/p>\n\n\n<div style=\"height:15px\" aria-hidden=\"true\" class=\"wp-block-spacer\"><\/div>\n\n\n<div class=\"wp-block-buttons is-content-justification-right is-layout-flex wp-container-core-buttons-is-layout-1 wp-block-buttons-is-layout-flex\">\n<div class=\"wp-block-button has-custom-font-size is-style-outline has-small-font-size is-style-outline--1\"><a class=\"wp-block-button__link\" href=\"https:\/\/progepe.ufpr.br\/portarias\/wp-content\/uploads\/pcp\/PROGEPE\/2019\/786PR.pdf\" style=\"border-radius:0px\" target=\"_blank\" rel=\"noreferrer noopener\">Acesse o arquivo da portaria<\/a><\/div><\/div>\n","protected":false},"excerpt":{"rendered":"<p>I. Declarar vago, a partir de 20 de fevereiro de 2019, o cargo de Professor do Magist\u00e9rio Superior, ocupado por FABIANA LUIZA NEGRI \u2013 1128795, lotada na Coordena\u00e7\u00e3o da C\u00e2mara Curso de Servi\u00e7o Social do Setor Litoral, em virtude de posse em outro cargo p\u00fablico inacumul\u00e1vel, de acordo com o disposto no Artigo 33 da Lei n\u00ba 8.112\/90. II. Considerando que a servidora n\u00e3o adquiriu a estabilidade prevista no Art. 21 da Lei n\u00ba 8.112\/90, a presente declara\u00e7\u00e3o de vac\u00e2ncia n\u00e3o gera direito \u00e0 recondu\u00e7\u00e3o estabelecida no Art. 29 da citada Lei.  {&#8220;height&#8221;:&#8221;15px&#8221;} <\/p>\n<div style=\"height:15px\" aria-hidden=\"true\" class=\"wp-block-spacer\">\n","protected":false},"author":41,"featured_media":0,"comment_status":"closed","ping_status":"open","sticky":false,"template":"","format":"standard","meta":{"_acf_changed":false,"iawp_total_views":0,"footnotes":""},"categories":[116],"tags":[122],"class_list":["post-72852","post","type-post","status-publish","format-standard","hentry","category-progepe","tag-exoneracao"],"acf":[],"_links":{"self":[{"href":"https:\/\/progepe.ufpr.br\/portarias\/wp-json\/wp\/v2\/posts\/72852","targetHints":{"allow":["GET"]}}],"collection":[{"href":"https:\/\/progepe.ufpr.br\/portarias\/wp-json\/wp\/v2\/posts"}],"about":[{"href":"https:\/\/progepe.ufpr.br\/portarias\/wp-json\/wp\/v2\/types\/post"}],"author":[{"embeddable":true,"href":"https:\/\/progepe.ufpr.br\/portarias\/wp-json\/wp\/v2\/users\/41"}],"replies":[{"embeddable":true,"href":"https:\/\/progepe.ufpr.br\/portarias\/wp-json\/wp\/v2\/comments?post=72852"}],"version-history":[{"count":1,"href":"https:\/\/progepe.ufpr.br\/portarias\/wp-json\/wp\/v2\/posts\/72852\/revisions"}],"predecessor-version":[{"id":128106,"href":"https:\/\/progepe.ufpr.br\/portarias\/wp-json\/wp\/v2\/posts\/72852\/revisions\/128106"}],"wp:attachment":[{"href":"https:\/\/progepe.ufpr.br\/portarias\/wp-json\/wp\/v2\/media?parent=72852"}],"wp:term":[{"taxonomy":"category","embeddable":true,"href":"https:\/\/progepe.ufpr.br\/portarias\/wp-json\/wp\/v2\/categories?post=72852"},{"taxonomy":"post_tag","embeddable":true,"href":"https:\/\/progepe.ufpr.br\/portarias\/wp-json\/wp\/v2\/tags?post=72852"}],"curies":[{"name":"wp","href":"https:\/\/api.w.org\/{rel}","templated":true}]}}