{"id":73037,"date":"2019-01-03T10:05:00","date_gmt":"2019-01-03T12:05:00","guid":{"rendered":"http:\/\/progepe.ufpr.br\/portarias\/progepe-2019-00006\/"},"modified":"2023-08-03T12:42:08","modified_gmt":"2023-08-03T15:42:08","slug":"progepe-2019-00006","status":"publish","type":"post","link":"https:\/\/progepe.ufpr.br\/portarias\/progepe-2019-00006\/","title":{"rendered":"PORTARIA N\u00ba 00006\/PROGEPE, DE 03 DE JANEIRO DE 2019"},"content":{"rendered":"\n<p>O Pr\u00f3-Reitor de Gest\u00e3o de Pessoas da Universidade Federal do Paran\u00e1, no uso de suas atribui\u00e7\u00f5es, tendo em vista a compet\u00eancia que lhe \u00e9 conferida pela Portaria n\u00ba 2.590, de 26 de setembro de 1997, considerando o que consta no artigo 9\u00ba, inciso II da Lei n\u00ba 8.112\/90 e o contido no processo n\u00ba  23075.074268\/2018-47,<\/p>\n\n\n\n<p><strong>RESOLVE:<\/strong><\/p>\n\n\n\n<p>I. Nomear, a partir da data de publica\u00e7\u00e3o em DOU desta Portaria, a servidora JANAINA DERETTI &#8211; 1964016, ocupante do cargo de Auxiliar de Biblioteca, lotada no Departamento T\u00e9cnico do Sistema de Bibliotecas, no regime de trabalho de 40 (quarenta) horas semanais, para exercer a fun\u00e7\u00e3o gratificada de Chefe da Se\u00e7\u00e3o de Controle e Execu\u00e7\u00e3o Or\u00e7ament\u00e1ria, FG-01, do Sistema de Bibliotecas, autorizada pela Medida Provis\u00f3ria n\u00ba 1.534\/96, regulamentada pela Portaria Interministerial n\u00ba 1.407\/96 \u2013 MEC\/MARE.<\/p>\n\n\n\n<p> II. A mencionada servidora cumprir\u00e1, obrigatoriamente, o regime de trabalho de tempo integral, de acordo com o disposto no \u00a7 5\u00ba, artigo 1\u00ba da Lei n\u00ba 8.168\/91.<\/p>\n\n\n\n<p> III. Assim que for exonerada da citada fun\u00e7\u00e3o, a lota\u00e7\u00e3o de exerc\u00edcio da servidora volta a ser o Departamento T\u00e9cnico do Sistema de Bibliotecas.<\/p>\n\n\n\n<div style=\"height:15px\" aria-hidden=\"true\" class=\"wp-block-spacer\"><\/div>\n","protected":false},"excerpt":{"rendered":"<p>I. Nomear, a partir da data de publica\u00e7\u00e3o em DOU desta Portaria, a servidora JANAINA DERETTI &#8211; 1964016, ocupante do cargo de Auxiliar de Biblioteca, lotada no Departamento T\u00e9cnico do Sistema de Bibliotecas, no regime de trabalho de 40 (quarenta) horas semanais, para exercer a fun\u00e7\u00e3o gratificada de Chefe da Se\u00e7\u00e3o de Controle e Execu\u00e7\u00e3o Or\u00e7ament\u00e1ria, FG-01, do Sistema de Bibliotecas, autorizada pela Medida Provis\u00f3ria n\u00ba 1.534\/96, regulamentada pela Portaria Interministerial n\u00ba 1.407\/96 \u2013 MEC\/MARE.   II. A mencionada servidora cumprir\u00e1, obrigatoriamente, o regime de trabalho de tempo integral, de acordo com o disposto no \u00a7 5\u00ba,<\/p>\n","protected":false},"author":41,"featured_media":0,"comment_status":"closed","ping_status":"open","sticky":false,"template":"","format":"standard","meta":{"_acf_changed":false,"iawp_total_views":0,"footnotes":""},"categories":[116],"tags":[120,135],"class_list":["post-73037","post","type-post","status-publish","format-standard","hentry","category-progepe","tag-funcao","tag-remocao"],"acf":[],"_links":{"self":[{"href":"https:\/\/progepe.ufpr.br\/portarias\/wp-json\/wp\/v2\/posts\/73037","targetHints":{"allow":["GET"]}}],"collection":[{"href":"https:\/\/progepe.ufpr.br\/portarias\/wp-json\/wp\/v2\/posts"}],"about":[{"href":"https:\/\/progepe.ufpr.br\/portarias\/wp-json\/wp\/v2\/types\/post"}],"author":[{"embeddable":true,"href":"https:\/\/progepe.ufpr.br\/portarias\/wp-json\/wp\/v2\/users\/41"}],"replies":[{"embeddable":true,"href":"https:\/\/progepe.ufpr.br\/portarias\/wp-json\/wp\/v2\/comments?post=73037"}],"version-history":[{"count":3,"href":"https:\/\/progepe.ufpr.br\/portarias\/wp-json\/wp\/v2\/posts\/73037\/revisions"}],"predecessor-version":[{"id":188057,"href":"https:\/\/progepe.ufpr.br\/portarias\/wp-json\/wp\/v2\/posts\/73037\/revisions\/188057"}],"wp:attachment":[{"href":"https:\/\/progepe.ufpr.br\/portarias\/wp-json\/wp\/v2\/media?parent=73037"}],"wp:term":[{"taxonomy":"category","embeddable":true,"href":"https:\/\/progepe.ufpr.br\/portarias\/wp-json\/wp\/v2\/categories?post=73037"},{"taxonomy":"post_tag","embeddable":true,"href":"https:\/\/progepe.ufpr.br\/portarias\/wp-json\/wp\/v2\/tags?post=73037"}],"curies":[{"name":"wp","href":"https:\/\/api.w.org\/{rel}","templated":true}]}}