{"id":73115,"date":"2019-08-22T10:26:00","date_gmt":"2019-08-22T13:26:00","guid":{"rendered":"http:\/\/progepe.ufpr.br\/portarias\/progepe-2019-03537\/"},"modified":"2023-08-03T12:49:06","modified_gmt":"2023-08-03T15:49:06","slug":"progepe-2019-03537","status":"publish","type":"post","link":"https:\/\/progepe.ufpr.br\/portarias\/progepe-2019-03537\/","title":{"rendered":"PORTARIA N\u00ba 03537\/PROGEPE, DE 22 DE AGOSTO DE 2019"},"content":{"rendered":"\n<p>A Pr\u00f3-Reitora de Gest\u00e3o de Pessoas da Universidade Federal do Paran\u00e1 em exerc\u00edcio, no uso de suas atribui\u00e7\u00f5es, tendo em vista a compet\u00eancia que lhe \u00e9 conferida pela Portaria n\u00ba 2.590, de 26 de setembro de 1997 e considerando o que consta no processo n\u00ba 23075.039093\/2018- 21,<\/p>\n\n\n<p><strong>RESOLVE:<\/strong><\/p>\n\n\n<p>I. Manter, tendo em vista o que consta no Art. 98 \u00a7 3\u00ba da Lei n\u00ba 8.112\/90 e o contido no Laudo M\u00e9dico Pericial n\u00ba 0.150.459\/2019, hor\u00e1rio especial definido em horas di\u00e1rias de trabalho (6h\/dia) sem compensa\u00e7\u00e3o, para servidor com familiar\/dependente portador de defici\u00eancia, para a servidora PRISCILA IANZEN DOS SANTOS &#8211; 1199857, ocupante do cargo de Assistente de Laborat\u00f3rio, lotada no Departamento de Gen\u00e9tica do Setor de Ci\u00eancias Biol\u00f3gicas, com data prevista para reavalia\u00e7\u00e3o em 20 de agosto de 2020.<\/p><p> II. Fica sob a responsabilidade da Chefia imediata o cumprimento da jornada de trabalho da citada servidora.<\/p><p><\/p>\n\n\n<div style=\"height:15px\" aria-hidden=\"true\" class=\"wp-block-spacer\"><\/div>\n\n\n<div class=\"wp-block-buttons is-content-justification-right is-layout-flex wp-container-core-buttons-is-layout-1 wp-block-buttons-is-layout-flex\">\n<div class=\"wp-block-button has-custom-font-size is-style-outline has-small-font-size is-style-outline--1\"><a class=\"wp-block-button__link\" href=\"https:\/\/progepe.ufpr.br\/portarias\/wp-content\/uploads\/pcp\/PROGEPE\/2019\/3537PR.pdf\" style=\"border-radius:0px\" target=\"_blank\" rel=\"noreferrer noopener\">Acesse o arquivo da portaria<\/a><\/div><\/div>\n","protected":false},"excerpt":{"rendered":"<p>I. Manter, tendo em vista o que consta no Art. 98 \u00a7 3\u00ba da Lei n\u00ba 8.112\/90 e o contido no Laudo M\u00e9dico Pericial n\u00ba 0.150.459\/2019, hor\u00e1rio especial definido em horas di\u00e1rias de trabalho (6h\/dia) sem compensa\u00e7\u00e3o, para servidor com familiar\/dependente portador de defici\u00eancia, para a servidora PRISCILA IANZEN DOS SANTOS &#8211; 1199857, ocupante do cargo de Assistente de Laborat\u00f3rio, lotada no Departamento de Gen\u00e9tica do Setor de Ci\u00eancias Biol\u00f3gicas, com data prevista para reavalia\u00e7\u00e3o em 20 de agosto de 2020. II. Fica sob a responsabilidade da Chefia imediata o cumprimento da jornada de trabalho da citada servidora.<\/p>\n","protected":false},"author":41,"featured_media":0,"comment_status":"closed","ping_status":"open","sticky":false,"template":"","format":"standard","meta":{"_acf_changed":false,"iawp_total_views":1,"footnotes":""},"categories":[116],"tags":[137],"class_list":["post-73115","post","type-post","status-publish","format-standard","hentry","category-progepe","tag-horario-especial"],"acf":[],"_links":{"self":[{"href":"https:\/\/progepe.ufpr.br\/portarias\/wp-json\/wp\/v2\/posts\/73115","targetHints":{"allow":["GET"]}}],"collection":[{"href":"https:\/\/progepe.ufpr.br\/portarias\/wp-json\/wp\/v2\/posts"}],"about":[{"href":"https:\/\/progepe.ufpr.br\/portarias\/wp-json\/wp\/v2\/types\/post"}],"author":[{"embeddable":true,"href":"https:\/\/progepe.ufpr.br\/portarias\/wp-json\/wp\/v2\/users\/41"}],"replies":[{"embeddable":true,"href":"https:\/\/progepe.ufpr.br\/portarias\/wp-json\/wp\/v2\/comments?post=73115"}],"version-history":[{"count":1,"href":"https:\/\/progepe.ufpr.br\/portarias\/wp-json\/wp\/v2\/posts\/73115\/revisions"}],"predecessor-version":[{"id":128368,"href":"https:\/\/progepe.ufpr.br\/portarias\/wp-json\/wp\/v2\/posts\/73115\/revisions\/128368"}],"wp:attachment":[{"href":"https:\/\/progepe.ufpr.br\/portarias\/wp-json\/wp\/v2\/media?parent=73115"}],"wp:term":[{"taxonomy":"category","embeddable":true,"href":"https:\/\/progepe.ufpr.br\/portarias\/wp-json\/wp\/v2\/categories?post=73115"},{"taxonomy":"post_tag","embeddable":true,"href":"https:\/\/progepe.ufpr.br\/portarias\/wp-json\/wp\/v2\/tags?post=73115"}],"curies":[{"name":"wp","href":"https:\/\/api.w.org\/{rel}","templated":true}]}}