{"id":73126,"date":"2019-01-11T10:09:00","date_gmt":"2019-01-11T12:09:00","guid":{"rendered":"http:\/\/progepe.ufpr.br\/portarias\/progepe-2019-00065\/"},"modified":"2023-08-03T12:42:15","modified_gmt":"2023-08-03T15:42:15","slug":"progepe-2019-00065","status":"publish","type":"post","link":"https:\/\/progepe.ufpr.br\/portarias\/progepe-2019-00065\/","title":{"rendered":"PORTARIA N\u00ba 00065\/PROGEPE, DE 11 DE JANEIRO DE 2019"},"content":{"rendered":"\n<p>O Pr\u00f3-Reitor de Gest\u00e3o de Pessoas da Universidade Federal do Paran\u00e1, no uso de suas atribui\u00e7\u00f5es, tendo em vista a compet\u00eancia que lhe \u00e9 conferida pela Portaria n\u00ba 2.590, de 26 de setembro de 1 9 9 7 e considerando o que consta no processo n\u00ba 23075.069816\/2018-17,<\/p>\n\n\n\n<p><strong>RESOLVE:<\/strong><\/p>\n\n\n\n<p>I. Conceder, tendo em vista o que consta no Art. 98 \u00a7 3\u00ba da Lei n\u00ba 8.112\/90 e o contido no Laudo M\u00e9dico Pericial n\u00ba 0.236.328\/2018, hor\u00e1rio especial definido em horas di\u00e1rias de trabalho (6h\/dia) sem compensa\u00e7\u00e3o, para servidor com familiar\/dependente portador de defici\u00eancia, para a servidora CAMILA CAMPOS MACHNIK PAZOTI &#8211; 2213854, ocupante do cargo de Assistente em Administra\u00e7\u00e3o, lotada na Coordena\u00e7\u00e3o do Programa de P\u00f3s-Gradua\u00e7\u00e3o em Contabilidade do Setor de Ci\u00eancias Sociais Aplicadas, a partir de 09 de janeiro de 2019, com data prevista para reavalia\u00e7\u00e3o em 20 de janeiro de 2020.<\/p>\n\n\n\n<p> II. Fica sob a responsabilidade da Chefia imediata o cumprimento da jornada de trabalho da citada servidora.<\/p>\n","protected":false},"excerpt":{"rendered":"<p>I. Conceder, tendo em vista o que consta no Art. 98 \u00a7 3\u00ba da Lei n\u00ba 8.112\/90 e o contido no Laudo M\u00e9dico Pericial n\u00ba 0.236.328\/2018, hor\u00e1rio especial definido em horas di\u00e1rias de trabalho (6h\/dia) sem compensa\u00e7\u00e3o, para servidor com familiar\/dependente portador de defici\u00eancia, para a servidora CAMILA CAMPOS MACHNIK PAZOTI &#8211; 2213854, ocupante do cargo de Assistente em Administra\u00e7\u00e3o, lotada na Coordena\u00e7\u00e3o do Programa de P\u00f3s-Gradua\u00e7\u00e3o em Contabilidade do Setor de Ci\u00eancias Sociais Aplicadas, a partir de 09 de janeiro de 2019, com data prevista para reavalia\u00e7\u00e3o em 20 de janeiro de 2020.   II. Fica<\/p>\n","protected":false},"author":41,"featured_media":0,"comment_status":"closed","ping_status":"open","sticky":false,"template":"","format":"standard","meta":{"_acf_changed":false,"iawp_total_views":0,"footnotes":""},"categories":[116],"tags":[137],"class_list":["post-73126","post","type-post","status-publish","format-standard","hentry","category-progepe","tag-horario-especial"],"acf":[],"_links":{"self":[{"href":"https:\/\/progepe.ufpr.br\/portarias\/wp-json\/wp\/v2\/posts\/73126","targetHints":{"allow":["GET"]}}],"collection":[{"href":"https:\/\/progepe.ufpr.br\/portarias\/wp-json\/wp\/v2\/posts"}],"about":[{"href":"https:\/\/progepe.ufpr.br\/portarias\/wp-json\/wp\/v2\/types\/post"}],"author":[{"embeddable":true,"href":"https:\/\/progepe.ufpr.br\/portarias\/wp-json\/wp\/v2\/users\/41"}],"replies":[{"embeddable":true,"href":"https:\/\/progepe.ufpr.br\/portarias\/wp-json\/wp\/v2\/comments?post=73126"}],"version-history":[{"count":3,"href":"https:\/\/progepe.ufpr.br\/portarias\/wp-json\/wp\/v2\/posts\/73126\/revisions"}],"predecessor-version":[{"id":190414,"href":"https:\/\/progepe.ufpr.br\/portarias\/wp-json\/wp\/v2\/posts\/73126\/revisions\/190414"}],"wp:attachment":[{"href":"https:\/\/progepe.ufpr.br\/portarias\/wp-json\/wp\/v2\/media?parent=73126"}],"wp:term":[{"taxonomy":"category","embeddable":true,"href":"https:\/\/progepe.ufpr.br\/portarias\/wp-json\/wp\/v2\/categories?post=73126"},{"taxonomy":"post_tag","embeddable":true,"href":"https:\/\/progepe.ufpr.br\/portarias\/wp-json\/wp\/v2\/tags?post=73126"}],"curies":[{"name":"wp","href":"https:\/\/api.w.org\/{rel}","templated":true}]}}