{"id":73190,"date":"2019-04-11T10:02:00","date_gmt":"2019-04-11T13:02:00","guid":{"rendered":"http:\/\/progepe.ufpr.br\/portarias\/progepe-2019-01548\/"},"modified":"2023-08-03T12:45:11","modified_gmt":"2023-08-03T15:45:11","slug":"progepe-2019-01548","status":"publish","type":"post","link":"https:\/\/progepe.ufpr.br\/portarias\/progepe-2019-01548\/","title":{"rendered":"PORTARIA N\u00ba 01548\/PROGEPE, DE 11 DE ABRIL DE 2019"},"content":{"rendered":"\n<p>A  Pr\u00f3-Reitora  de  Gest\u00e3o  de  Pessoas  da Universidade Federal do Paran\u00e1, em exerc\u00edcio, no uso de suas atribui\u00e7\u00f5es, tendo em vista a compet\u00eancia que lhe \u00e9 conferida pela Portaria n\u00ba 2.590, de 26 de setembro de  1997,  de  acordo  com os  Artigos  11  e  12  da  Lei  n\u00ba 11.091\/05; os Anexos II e III do Decreto n\u00ba 5.824\/06 e o Anexo XV da Lei n\u00ba 11.784\/08; Lei n\u00ba 12.772\/12; e, o que consta no processo n\u00ba 23075.700288\/2019-66,<\/p>\n\n\n<p><strong>RESOLVE:<\/strong><\/p>\n\n\n<p>Conceder o Incentivo \u00e0 Qualifica\u00e7\u00e3o no percentual de 15 (quinze) por cento, a partir de 10 de janeiro de 2019, \u00e0 servidora INES DE PAULA &#8211; 1161399, ocupante do cargo de Auxiliar de Nutri\u00e7\u00e3o e Diet\u00e9tica, lotada na Se\u00e7\u00e3o de Apoio Nutricional ao T.M.O. do Hospital de Cl\u00ednicas, tendo em vista ter apresentado Declara\u00e7\u00e3o de Conclus\u00e3o do Ensino M\u00e9dio, expedido pelo CEEBJA Professora Maria  Deon de Lira.<\/p><p><\/p>\n\n\n<div style=\"height:15px\" aria-hidden=\"true\" class=\"wp-block-spacer\"><\/div>\n\n\n<div class=\"wp-block-buttons is-content-justification-right is-layout-flex wp-container-core-buttons-is-layout-1 wp-block-buttons-is-layout-flex\">\n<div class=\"wp-block-button has-custom-font-size is-style-outline has-small-font-size is-style-outline--1\"><a class=\"wp-block-button__link\" href=\"https:\/\/progepe.ufpr.br\/portarias\/wp-content\/uploads\/pcp\/PROGEPE\/2019\/1548PR.pdf\" style=\"border-radius:0px\" target=\"_blank\" rel=\"noreferrer noopener\">Acesse o arquivo da portaria<\/a><\/div><\/div>\n","protected":false},"excerpt":{"rendered":"<p>Conceder o Incentivo \u00e0 Qualifica\u00e7\u00e3o no percentual de 15 (quinze) por cento, a partir de 10 de janeiro de 2019, \u00e0 servidora INES DE PAULA &#8211; 1161399, ocupante do cargo de Auxiliar de Nutri\u00e7\u00e3o e Diet\u00e9tica, lotada na Se\u00e7\u00e3o de Apoio Nutricional ao T.M.O. do Hospital de Cl\u00ednicas, tendo em vista ter apresentado Declara\u00e7\u00e3o de Conclus\u00e3o do Ensino M\u00e9dio, expedido pelo CEEBJA Professora Maria Deon de Lira.  {&#8220;height&#8221;:&#8221;15px&#8221;} <\/p>\n<div style=\"height:15px\" aria-hidden=\"true\" class=\"wp-block-spacer\"> <!-- \/wp:spacer  {\"layout\":{\"type\":\"flex\",\"justifyContent\":\"right\"}} \n\n<div class=\"wp-block-buttons\"><!-- wp:button {\"style\":{\"border\":{\"radius\":\"0px\"}},\"className\":\"is-style-outline\",\"fontSize\":\"small\"} \n\n<div class=\"wp-block-button has-custom-font-size is-style-outline has-small-font-size\"><a class=\"wp-block-button__link\" href=\"https:\/\/progepe.ufpr.br\/portarias\/wp-content\/uploads\/pcp\/PROGEPE\/2019\/1548PR.pdf\" style=\"border-radius:0px\" target=\"_blank\" rel=\"noreferrer noopener\">Acesse o arquivo da portaria<\/a><\n<\/p>\n","protected":false},"author":41,"featured_media":0,"comment_status":"closed","ping_status":"open","sticky":false,"template":"","format":"standard","meta":{"_acf_changed":false,"iawp_total_views":0,"footnotes":""},"categories":[116],"tags":[142],"class_list":["post-73190","post","type-post","status-publish","format-standard","hentry","category-progepe","tag-incentivo-qualificacao"],"acf":[],"_links":{"self":[{"href":"https:\/\/progepe.ufpr.br\/portarias\/wp-json\/wp\/v2\/posts\/73190","targetHints":{"allow":["GET"]}}],"collection":[{"href":"https:\/\/progepe.ufpr.br\/portarias\/wp-json\/wp\/v2\/posts"}],"about":[{"href":"https:\/\/progepe.ufpr.br\/portarias\/wp-json\/wp\/v2\/types\/post"}],"author":[{"embeddable":true,"href":"https:\/\/progepe.ufpr.br\/portarias\/wp-json\/wp\/v2\/users\/41"}],"replies":[{"embeddable":true,"href":"https:\/\/progepe.ufpr.br\/portarias\/wp-json\/wp\/v2\/comments?post=73190"}],"version-history":[{"count":1,"href":"https:\/\/progepe.ufpr.br\/portarias\/wp-json\/wp\/v2\/posts\/73190\/revisions"}],"predecessor-version":[{"id":128443,"href":"https:\/\/progepe.ufpr.br\/portarias\/wp-json\/wp\/v2\/posts\/73190\/revisions\/128443"}],"wp:attachment":[{"href":"https:\/\/progepe.ufpr.br\/portarias\/wp-json\/wp\/v2\/media?parent=73190"}],"wp:term":[{"taxonomy":"category","embeddable":true,"href":"https:\/\/progepe.ufpr.br\/portarias\/wp-json\/wp\/v2\/categories?post=73190"},{"taxonomy":"post_tag","embeddable":true,"href":"https:\/\/progepe.ufpr.br\/portarias\/wp-json\/wp\/v2\/tags?post=73190"}],"curies":[{"name":"wp","href":"https:\/\/api.w.org\/{rel}","templated":true}]}}