{"id":73488,"date":"2019-05-21T10:13:00","date_gmt":"2019-05-21T13:13:00","guid":{"rendered":"http:\/\/progepe.ufpr.br\/portarias\/progepe-2019-02128\/"},"modified":"2023-08-03T12:46:19","modified_gmt":"2023-08-03T15:46:19","slug":"progepe-2019-02128","status":"publish","type":"post","link":"https:\/\/progepe.ufpr.br\/portarias\/progepe-2019-02128\/","title":{"rendered":"PORTARIA N\u00ba 02128\/PROGEPE, DE 21 DE MAIO DE 2019"},"content":{"rendered":"\n<p>O Pr\u00f3-Reitor de Gest\u00e3o de Pessoas da Universidade Federal do Paran\u00e1, no uso de suas atribui\u00e7\u00f5es, tendo em vista a compet\u00eancia que lhe \u00e9 conferida pela Portaria n\u00ba 2.590, de 26 de setembro de 1997 e considerando o que consta no processo n\u00ba 23075.024511\/2019-67,<\/p>\n\n\n<p><strong>RESOLVE:<\/strong><\/p>\n\n\n<p>Alterar a Portaria n\u00ba 1.850\/PROGEPE, de 06 de maio de 2019, publicada no DOU de 09.05.2019, se\u00e7\u00e3o 2, p\u00e1gina 40, que autorizou a nomea\u00e7\u00e3o em car\u00e1ter efetivo na carreira de Magist\u00e9rio de Superior, na Classe A, Adjunto A, em regime trabalho de Dedica\u00e7\u00e3o Exclusiva, na \u00e1rea de conhecimento: \u00c1rea de Conhecimento: Sociologia com \u00eanfase em Sociologia Rural, Sociologia Urbana e Sociologia Ambiental, para o Departamento de Sociologia do Setor de Ci\u00eancias Humanas, para fazer constar que o nome do professor \u00e9 RODOLFO BEZERRA DE MENEZES LOBATO DA COSTA e n\u00e3o como constou no referido ato.<\/p><p><\/p>\n\n\n<div style=\"height:15px\" aria-hidden=\"true\" class=\"wp-block-spacer\"><\/div>\n\n\n<div class=\"wp-block-buttons is-content-justification-right is-layout-flex wp-container-core-buttons-is-layout-1 wp-block-buttons-is-layout-flex\">\n<div class=\"wp-block-button has-custom-font-size is-style-outline has-small-font-size is-style-outline--1\"><a class=\"wp-block-button__link\" href=\"https:\/\/progepe.ufpr.br\/portarias\/wp-content\/uploads\/pcp\/PROGEPE\/2019\/2128PR.pdf\" style=\"border-radius:0px\" target=\"_blank\" rel=\"noreferrer noopener\">Acesse o arquivo da portaria<\/a><\/div><\/div>\n","protected":false},"excerpt":{"rendered":"<p>Alterar a Portaria n\u00ba 1.850\/PROGEPE, de 06 de maio de 2019, publicada no DOU de 09.05.2019, se\u00e7\u00e3o 2, p\u00e1gina 40, que autorizou a nomea\u00e7\u00e3o em car\u00e1ter efetivo na carreira de Magist\u00e9rio de Superior, na Classe A, Adjunto A, em regime trabalho de Dedica\u00e7\u00e3o Exclusiva, na \u00e1rea de conhecimento: \u00c1rea de Conhecimento: Sociologia com \u00eanfase em Sociologia Rural, Sociologia Urbana e Sociologia Ambiental, para o Departamento de Sociologia do Setor de Ci\u00eancias Humanas, para fazer constar que o nome do professor \u00e9 RODOLFO BEZERRA DE MENEZES LOBATO DA COSTA e n\u00e3o como constou no referido ato.  {&#8220;height&#8221;:&#8221;15px&#8221;} <\/p>\n<div \n\n","protected":false},"author":41,"featured_media":0,"comment_status":"closed","ping_status":"open","sticky":false,"template":"","format":"standard","meta":{"_acf_changed":false,"iawp_total_views":0,"footnotes":""},"categories":[116],"tags":[121],"class_list":["post-73488","post","type-post","status-publish","format-standard","hentry","category-progepe","tag-nomeacao"],"acf":[],"_links":{"self":[{"href":"https:\/\/progepe.ufpr.br\/portarias\/wp-json\/wp\/v2\/posts\/73488","targetHints":{"allow":["GET"]}}],"collection":[{"href":"https:\/\/progepe.ufpr.br\/portarias\/wp-json\/wp\/v2\/posts"}],"about":[{"href":"https:\/\/progepe.ufpr.br\/portarias\/wp-json\/wp\/v2\/types\/post"}],"author":[{"embeddable":true,"href":"https:\/\/progepe.ufpr.br\/portarias\/wp-json\/wp\/v2\/users\/41"}],"replies":[{"embeddable":true,"href":"https:\/\/progepe.ufpr.br\/portarias\/wp-json\/wp\/v2\/comments?post=73488"}],"version-history":[{"count":1,"href":"https:\/\/progepe.ufpr.br\/portarias\/wp-json\/wp\/v2\/posts\/73488\/revisions"}],"predecessor-version":[{"id":128741,"href":"https:\/\/progepe.ufpr.br\/portarias\/wp-json\/wp\/v2\/posts\/73488\/revisions\/128741"}],"wp:attachment":[{"href":"https:\/\/progepe.ufpr.br\/portarias\/wp-json\/wp\/v2\/media?parent=73488"}],"wp:term":[{"taxonomy":"category","embeddable":true,"href":"https:\/\/progepe.ufpr.br\/portarias\/wp-json\/wp\/v2\/categories?post=73488"},{"taxonomy":"post_tag","embeddable":true,"href":"https:\/\/progepe.ufpr.br\/portarias\/wp-json\/wp\/v2\/tags?post=73488"}],"curies":[{"name":"wp","href":"https:\/\/api.w.org\/{rel}","templated":true}]}}