{"id":73555,"date":"2019-01-07T10:06:00","date_gmt":"2019-01-07T12:06:00","guid":{"rendered":"http:\/\/progepe.ufpr.br\/portarias\/progepe-2019-00032\/"},"modified":"2023-08-03T12:42:11","modified_gmt":"2023-08-03T15:42:11","slug":"progepe-2019-00032","status":"publish","type":"post","link":"https:\/\/progepe.ufpr.br\/portarias\/progepe-2019-00032\/","title":{"rendered":"PORTARIA N\u00ba 00032\/PROGEPE, DE 07 DE JANEIRO DE 2019"},"content":{"rendered":"\n<p>O Pr\u00f3-Reitor de Gest\u00e3o de Pessoas da Universidade Federal do Paran\u00e1, no uso de suas atribui\u00e7\u00f5es, tendo em vista a compet\u00eancia que lhe \u00e9 conferida pela Portaria n\u00ba 2.590, de 26 de setembro de 1997, o que consta no artigo 9\u00ba, inciso I da Lei n\u00ba 8.112\/90; Portaria Normativa Interministerial MP\/MEC n\u00ba 22, de 30\/04\/2007 publicada no DOU de 02\/05\/2007, retificada pela Portaria Normativa Interministerial MP\/MEC n\u00ba 224, de 23\/07\/2007, publicada no DOU de 24\/07\/2007; Decreto n\u00ba 7.485, de 18\/05\/2011, publicado no DOU de 19\/05\/2011, atualizado pelo Decreto n\u00ba 8.259, de 20\/05\/2014, publicado no DOU de 30\/05\/2014; Lei n\u00ba 12.772\/2012 e suas altera\u00e7\u00f5es; e o contido no processo n\u00ba 23075.065858\/2018-89,<\/p>\n\n\n\n<p><strong>RESOLVE:<\/strong><\/p>\n\n\n\n<p>I. Nomear em car\u00e1ter efetivo, THIAGO DE LIMA PRADO, habilitado em concurso p\u00fablico de provas e t\u00edtulos, homologado em 20.12.2017, para o cargo de Professor na carreira de Magist\u00e9rio Superior, classe A, Adjunto A, n\u00edvel I, em regime de trabalho de dedica\u00e7\u00e3o exclusiva, na \u00e1rea de F\u00edsica Te\u00f3rica em uma das seguinte especialidades: Processos de Colis\u00e3o e Intera\u00e7\u00f5es de \u00c1tomos e Mol\u00e9culas; Teoria da Estrutura Eletr\u00f4nica de \u00c1tomos e Mol\u00e9culas; Teoria da Mat\u00e9ria Condensada; Fen\u00f4menos de Transporte em Fluidos; F\u00edsica de Plasmas; Teoria Cin\u00e9tica de Gases; F\u00edsica Estat\u00edstica; Termodin\u00e2mica e Sistemas Din\u00e2micos N\u00e3o-Lineares; Mec\u00e2nica Qu\u00e2ntica; e, Relatividade Geral e Gravita\u00e7\u00e3o, para o Departamento de F\u00edsica do Setor de Ci\u00eancias Exatas, na vaga de c\u00f3digo n\u00ba 266085.<\/p>\n\n\n\n<p> II. Conceder retribui\u00e7\u00e3o por titula\u00e7\u00e3o, de acordo com o Art. 16, Inciso II e Art. 17 da Lei n\u00ba 12.772\/2012, a partir da data de exerc\u00edcio, tendo em vista possuir o t\u00edtulo de Doutor em F\u00edsica.<\/p>\n\n\n\n<div style=\"height:15px\" aria-hidden=\"true\" class=\"wp-block-spacer\"><\/div>\n","protected":false},"excerpt":{"rendered":"<p>I. Nomear em car\u00e1ter efetivo, THIAGO DE LIMA PRADO, habilitado em concurso p\u00fablico de provas e t\u00edtulos, homologado em 20.12.2017, para o cargo de Professor na carreira de Magist\u00e9rio Superior, classe A, Adjunto A, n\u00edvel I, em regime de trabalho de dedica\u00e7\u00e3o exclusiva, na \u00e1rea de F\u00edsica Te\u00f3rica em uma das seguinte especialidades: Processos de Colis\u00e3o e Intera\u00e7\u00f5es de \u00c1tomos e Mol\u00e9culas; Teoria da Estrutura Eletr\u00f4nica de \u00c1tomos e Mol\u00e9culas; Teoria da Mat\u00e9ria Condensada; Fen\u00f4menos de Transporte em Fluidos; F\u00edsica de Plasmas; Teoria Cin\u00e9tica de Gases; F\u00edsica Estat\u00edstica; Termodin\u00e2mica e Sistemas Din\u00e2micos N\u00e3o-Lineares; Mec\u00e2nica Qu\u00e2ntica; e, Relatividade Geral<\/p>\n","protected":false},"author":41,"featured_media":0,"comment_status":"closed","ping_status":"open","sticky":false,"template":"","format":"standard","meta":{"_acf_changed":false,"iawp_total_views":0,"footnotes":""},"categories":[116],"tags":[121],"class_list":["post-73555","post","type-post","status-publish","format-standard","hentry","category-progepe","tag-nomeacao"],"acf":[],"_links":{"self":[{"href":"https:\/\/progepe.ufpr.br\/portarias\/wp-json\/wp\/v2\/posts\/73555","targetHints":{"allow":["GET"]}}],"collection":[{"href":"https:\/\/progepe.ufpr.br\/portarias\/wp-json\/wp\/v2\/posts"}],"about":[{"href":"https:\/\/progepe.ufpr.br\/portarias\/wp-json\/wp\/v2\/types\/post"}],"author":[{"embeddable":true,"href":"https:\/\/progepe.ufpr.br\/portarias\/wp-json\/wp\/v2\/users\/41"}],"replies":[{"embeddable":true,"href":"https:\/\/progepe.ufpr.br\/portarias\/wp-json\/wp\/v2\/comments?post=73555"}],"version-history":[{"count":3,"href":"https:\/\/progepe.ufpr.br\/portarias\/wp-json\/wp\/v2\/posts\/73555\/revisions"}],"predecessor-version":[{"id":190310,"href":"https:\/\/progepe.ufpr.br\/portarias\/wp-json\/wp\/v2\/posts\/73555\/revisions\/190310"}],"wp:attachment":[{"href":"https:\/\/progepe.ufpr.br\/portarias\/wp-json\/wp\/v2\/media?parent=73555"}],"wp:term":[{"taxonomy":"category","embeddable":true,"href":"https:\/\/progepe.ufpr.br\/portarias\/wp-json\/wp\/v2\/categories?post=73555"},{"taxonomy":"post_tag","embeddable":true,"href":"https:\/\/progepe.ufpr.br\/portarias\/wp-json\/wp\/v2\/tags?post=73555"}],"curies":[{"name":"wp","href":"https:\/\/api.w.org\/{rel}","templated":true}]}}