{"id":73558,"date":"2019-01-07T10:07:00","date_gmt":"2019-01-07T12:07:00","guid":{"rendered":"http:\/\/progepe.ufpr.br\/portarias\/progepe-2019-00033\/"},"modified":"2023-08-03T12:42:11","modified_gmt":"2023-08-03T15:42:11","slug":"progepe-2019-00033","status":"publish","type":"post","link":"https:\/\/progepe.ufpr.br\/portarias\/progepe-2019-00033\/","title":{"rendered":"PORTARIA N\u00ba 00033\/PROGEPE, DE 07 DE JANEIRO DE 2019"},"content":{"rendered":"\n<p>O Pr\u00f3-Reitor de Gest\u00e3o de Pessoas da Universidade Federal do Paran\u00e1, no uso de suas atribui\u00e7\u00f5es, tendo em vista a compet\u00eancia que lhe \u00e9 conferida pela Portaria n\u00ba 2.590, de 26 de setembro de 1997, o que consta no artigo 9\u00ba, inciso I da Lei n\u00ba 8.112\/90; Portaria Normativa Interministerial MP\/MEC n\u00ba 22, de 30\/04\/2007 publicada no DOU de 02\/05\/2007, retificada pela Portaria Normativa Interministerial MP\/MEC n\u00ba 224, de 23\/07\/2007, publicada no DOU de 24\/07\/2007; Decreto n\u00ba 7.485, de 18\/05\/2011, publicado no DOU de 19\/05\/2011, atualizado pelo Decreto n\u00ba 8.259, de 20\/05\/2014, publicado no DOU de 30\/05\/2014; Lei n\u00ba 12.772\/2012 e suas altera\u00e7\u00f5es; e o contido no processo n\u00ba 23075.075252\/2018-51,<\/p>\n\n\n\n<p><strong>RESOLVE:<\/strong><\/p>\n\n\n\n<p>I. Nomear em car\u00e1ter efetivo, RAFAELA GESSNER LOUREN\u00c7O, habilitada em concurso p\u00fablico de provas e t\u00edtulos, homologado em 18.12.2018, para o cargo de Professora na carreira de Magist\u00e9rio Superior, classe A, Adjunto A, n\u00edvel I, em regime de trabalho de dedica\u00e7\u00e3o exclusiva, na \u00e1rea de Enfermagem com \u00eanfase na \u00e1rea de Sa\u00fade Coletiva, para o Departamento de Enfermagem do Setor de Ci\u00eancias da Sa\u00fade, na vaga de c\u00f3digo n\u00ba 266335.<\/p>\n\n\n\n<p> II. Conceder retribui\u00e7\u00e3o por titula\u00e7\u00e3o, de acordo com o Art. 16, Inciso II e Art. 17 da Lei n\u00ba 12.772\/2012, a partir da data de exerc\u00edcio, tendo em vista possuir o t\u00edtulo de Doutora em Ci\u00eancias.<\/p>\n\n\n\n<div style=\"height:15px\" aria-hidden=\"true\" class=\"wp-block-spacer\"><\/div>\n","protected":false},"excerpt":{"rendered":"<p>I. Nomear em car\u00e1ter efetivo, RAFAELA GESSNER LOUREN\u00c7O, habilitada em concurso p\u00fablico de provas e t\u00edtulos, homologado em 18.12.2018, para o cargo de Professora na carreira de Magist\u00e9rio Superior, classe A, Adjunto A, n\u00edvel I, em regime de trabalho de dedica\u00e7\u00e3o exclusiva, na \u00e1rea de Enfermagem com \u00eanfase na \u00e1rea de Sa\u00fade Coletiva, para o Departamento de Enfermagem do Setor de Ci\u00eancias da Sa\u00fade, na vaga de c\u00f3digo n\u00ba 266335.   II. Conceder retribui\u00e7\u00e3o por titula\u00e7\u00e3o, de acordo com o Art. 16, Inciso II e Art. 17 da Lei n\u00ba 12.772\/2012, a partir da data de exerc\u00edcio,<\/p>\n","protected":false},"author":41,"featured_media":0,"comment_status":"closed","ping_status":"open","sticky":false,"template":"","format":"standard","meta":{"_acf_changed":false,"iawp_total_views":1,"footnotes":""},"categories":[116],"tags":[121],"class_list":["post-73558","post","type-post","status-publish","format-standard","hentry","category-progepe","tag-nomeacao"],"acf":[],"_links":{"self":[{"href":"https:\/\/progepe.ufpr.br\/portarias\/wp-json\/wp\/v2\/posts\/73558","targetHints":{"allow":["GET"]}}],"collection":[{"href":"https:\/\/progepe.ufpr.br\/portarias\/wp-json\/wp\/v2\/posts"}],"about":[{"href":"https:\/\/progepe.ufpr.br\/portarias\/wp-json\/wp\/v2\/types\/post"}],"author":[{"embeddable":true,"href":"https:\/\/progepe.ufpr.br\/portarias\/wp-json\/wp\/v2\/users\/41"}],"replies":[{"embeddable":true,"href":"https:\/\/progepe.ufpr.br\/portarias\/wp-json\/wp\/v2\/comments?post=73558"}],"version-history":[{"count":3,"href":"https:\/\/progepe.ufpr.br\/portarias\/wp-json\/wp\/v2\/posts\/73558\/revisions"}],"predecessor-version":[{"id":190313,"href":"https:\/\/progepe.ufpr.br\/portarias\/wp-json\/wp\/v2\/posts\/73558\/revisions\/190313"}],"wp:attachment":[{"href":"https:\/\/progepe.ufpr.br\/portarias\/wp-json\/wp\/v2\/media?parent=73558"}],"wp:term":[{"taxonomy":"category","embeddable":true,"href":"https:\/\/progepe.ufpr.br\/portarias\/wp-json\/wp\/v2\/categories?post=73558"},{"taxonomy":"post_tag","embeddable":true,"href":"https:\/\/progepe.ufpr.br\/portarias\/wp-json\/wp\/v2\/tags?post=73558"}],"curies":[{"name":"wp","href":"https:\/\/api.w.org\/{rel}","templated":true}]}}