{"id":73570,"date":"2019-01-14T10:11:00","date_gmt":"2019-01-14T12:11:00","guid":{"rendered":"http:\/\/progepe.ufpr.br\/portarias\/progepe-2019-00079\/"},"modified":"2023-08-03T12:42:16","modified_gmt":"2023-08-03T15:42:16","slug":"progepe-2019-00079","status":"publish","type":"post","link":"https:\/\/progepe.ufpr.br\/portarias\/progepe-2019-00079\/","title":{"rendered":"PORTARIA N\u00ba 00079\/PROGEPE, DE 14 DE JANEIRO DE 2019"},"content":{"rendered":"\n<p>O Pr\u00f3-Reitor de Gest\u00e3o de Pessoas da Universidade Federal do Paran\u00e1, no uso de suas atribui\u00e7\u00f5es, tendo em vista a compet\u00eancia que lhe \u00e9 conferida pela Portaria n\u00ba 2.590, de 26 de setembro de 1997 e considerando o que consta no processo n\u00ba 23075.069639\/2018-79,<\/p>\n\n\n\n<p><strong>RESOLVE:<\/strong><\/p>\n\n\n\n<p>Tornar sem efeito a Portaria n\u00ba 5.587\/PROGEPE, de 30 de novembro de 2018, publicada no DOU de 03.12.2018, se\u00e7\u00e3o 2, p\u00e1gina 29, que nomeou em car\u00e1ter efetivo GABRIEL AUGUSTO OLIVEIRA, habilitado em concurso p\u00fablico realizado por essa Institui\u00e7\u00e3o, homologado em 02.07.2018, para o cargo de M\u00e9dico \u00c1rea, tendo em vista que o mesmo n\u00e3o tomou posse no prazo previsto na Lei n\u00ba 8.112\/90, art.<\/p>\n\n\n\n<p> 13, \u00a7 1\u00ba.<\/p>\n","protected":false},"excerpt":{"rendered":"<p>Tornar sem efeito a Portaria n\u00ba 5.587\/PROGEPE, de 30 de novembro de 2018, publicada no DOU de 03.12.2018, se\u00e7\u00e3o 2, p\u00e1gina 29, que nomeou em car\u00e1ter efetivo GABRIEL AUGUSTO OLIVEIRA, habilitado em concurso p\u00fablico realizado por essa Institui\u00e7\u00e3o, homologado em 02.07.2018, para o cargo de M\u00e9dico \u00c1rea, tendo em vista que o mesmo n\u00e3o tomou posse no prazo previsto na Lei n\u00ba 8.112\/90, art.   13, \u00a7 1\u00ba.<\/p>\n","protected":false},"author":41,"featured_media":0,"comment_status":"closed","ping_status":"open","sticky":false,"template":"","format":"standard","meta":{"_acf_changed":false,"iawp_total_views":0,"footnotes":""},"categories":[116],"tags":[121],"class_list":["post-73570","post","type-post","status-publish","format-standard","hentry","category-progepe","tag-nomeacao"],"acf":[],"_links":{"self":[{"href":"https:\/\/progepe.ufpr.br\/portarias\/wp-json\/wp\/v2\/posts\/73570","targetHints":{"allow":["GET"]}}],"collection":[{"href":"https:\/\/progepe.ufpr.br\/portarias\/wp-json\/wp\/v2\/posts"}],"about":[{"href":"https:\/\/progepe.ufpr.br\/portarias\/wp-json\/wp\/v2\/types\/post"}],"author":[{"embeddable":true,"href":"https:\/\/progepe.ufpr.br\/portarias\/wp-json\/wp\/v2\/users\/41"}],"replies":[{"embeddable":true,"href":"https:\/\/progepe.ufpr.br\/portarias\/wp-json\/wp\/v2\/comments?post=73570"}],"version-history":[{"count":3,"href":"https:\/\/progepe.ufpr.br\/portarias\/wp-json\/wp\/v2\/posts\/73570\/revisions"}],"predecessor-version":[{"id":196193,"href":"https:\/\/progepe.ufpr.br\/portarias\/wp-json\/wp\/v2\/posts\/73570\/revisions\/196193"}],"wp:attachment":[{"href":"https:\/\/progepe.ufpr.br\/portarias\/wp-json\/wp\/v2\/media?parent=73570"}],"wp:term":[{"taxonomy":"category","embeddable":true,"href":"https:\/\/progepe.ufpr.br\/portarias\/wp-json\/wp\/v2\/categories?post=73570"},{"taxonomy":"post_tag","embeddable":true,"href":"https:\/\/progepe.ufpr.br\/portarias\/wp-json\/wp\/v2\/tags?post=73570"}],"curies":[{"name":"wp","href":"https:\/\/api.w.org\/{rel}","templated":true}]}}