{"id":73574,"date":"2019-02-27T10:17:00","date_gmt":"2019-02-27T13:17:00","guid":{"rendered":"http:\/\/progepe.ufpr.br\/portarias\/progepe-2019-00927\/"},"modified":"2023-08-03T12:43:56","modified_gmt":"2023-08-03T15:43:56","slug":"progepe-2019-00927","status":"publish","type":"post","link":"https:\/\/progepe.ufpr.br\/portarias\/progepe-2019-00927\/","title":{"rendered":"PORTARIA N\u00ba 00927\/PROGEPE, DE 27 DE FEVEREIRO DE 2019"},"content":{"rendered":"\n<p>O Pr\u00f3-Reitor de Gest\u00e3o de Pessoas da Universidade Federal do Paran\u00e1, no uso de suas atribui\u00e7\u00f5es, tendo em vista a compet\u00eancia que lhe \u00e9 conferida pela Portaria n\u00ba 2.590, de 26 de setembro de 1997 e considerando o que consta no processo n\u00ba 23075.193379\/2017-71,<\/p>\n\n\n<p><strong>RESOLVE:<\/strong><\/p>\n\n\n<p>I. Alterar a Portaria n\u00ba 4.995\/PROGEPE, de 22 de novembro de 2017, publicada no DOU de 27.11.2017, Se\u00e7\u00e3o 2, p\u00e1g. 21, referente \u00e0 nomea\u00e7\u00e3o em car\u00e1ter efetivo de MARCIO GRANDE CARSTENS &#8211; 2602206, para o cargo de M\u00e9dico &#8211; \u00c1rea, para fazer constar que a nomea\u00e7\u00e3o se deu em face de cumprimento ao processo judicial n\u00ba 5006510-82.2016.4.04.7000.<\/p><p> II. Convalidar a nomea\u00e7\u00e3o em car\u00e1ter efetivo do citado servidor, a partir de 06 de fevereiro de 2019, tendo em vista o que consta no Parecer de For\u00e7a Execut\u00f3ria n\u00ba 00067\/2019-DIMAF\/PFPR\/PGF\/AGU.<\/p><p><\/p>\n\n\n<div style=\"height:15px\" aria-hidden=\"true\" class=\"wp-block-spacer\"><\/div>\n\n\n<div class=\"wp-block-buttons is-content-justification-right is-layout-flex wp-container-core-buttons-is-layout-1 wp-block-buttons-is-layout-flex\">\n<div class=\"wp-block-button has-custom-font-size is-style-outline has-small-font-size is-style-outline--1\"><a class=\"wp-block-button__link\" href=\"https:\/\/progepe.ufpr.br\/portarias\/wp-content\/uploads\/pcp\/PROGEPE\/2019\/927PR.pdf\" style=\"border-radius:0px\" target=\"_blank\" rel=\"noreferrer noopener\">Acesse o arquivo da portaria<\/a><\/div><\/div>\n","protected":false},"excerpt":{"rendered":"<p>I. Alterar a Portaria n\u00ba 4.995\/PROGEPE, de 22 de novembro de 2017, publicada no DOU de 27.11.2017, Se\u00e7\u00e3o 2, p\u00e1g. 21, referente \u00e0 nomea\u00e7\u00e3o em car\u00e1ter efetivo de MARCIO GRANDE CARSTENS &#8211; 2602206, para o cargo de M\u00e9dico &#8211; \u00c1rea, para fazer constar que a nomea\u00e7\u00e3o se deu em face de cumprimento ao processo judicial n\u00ba 5006510-82.2016.4.04.7000. II. Convalidar a nomea\u00e7\u00e3o em car\u00e1ter efetivo do citado servidor, a partir de 06 de fevereiro de 2019, tendo em vista o que consta no Parecer de For\u00e7a Execut\u00f3ria n\u00ba 00067\/2019-DIMAF\/PFPR\/PGF\/AGU.  {&#8220;height&#8221;:&#8221;15px&#8221;} <\/p>\n<div style=\"height:15px\" aria-hidden=\"true\" class=\"wp-block-spacer\"> <!-- \/wp:spacer  {\"layout\":{\"type\":\"flex\",\"justifyContent\":\"right\"}}\n<\/p>\n","protected":false},"author":41,"featured_media":0,"comment_status":"closed","ping_status":"open","sticky":false,"template":"","format":"standard","meta":{"_acf_changed":false,"iawp_total_views":0,"footnotes":""},"categories":[116],"tags":[121],"class_list":["post-73574","post","type-post","status-publish","format-standard","hentry","category-progepe","tag-nomeacao"],"acf":[],"_links":{"self":[{"href":"https:\/\/progepe.ufpr.br\/portarias\/wp-json\/wp\/v2\/posts\/73574","targetHints":{"allow":["GET"]}}],"collection":[{"href":"https:\/\/progepe.ufpr.br\/portarias\/wp-json\/wp\/v2\/posts"}],"about":[{"href":"https:\/\/progepe.ufpr.br\/portarias\/wp-json\/wp\/v2\/types\/post"}],"author":[{"embeddable":true,"href":"https:\/\/progepe.ufpr.br\/portarias\/wp-json\/wp\/v2\/users\/41"}],"replies":[{"embeddable":true,"href":"https:\/\/progepe.ufpr.br\/portarias\/wp-json\/wp\/v2\/comments?post=73574"}],"version-history":[{"count":1,"href":"https:\/\/progepe.ufpr.br\/portarias\/wp-json\/wp\/v2\/posts\/73574\/revisions"}],"predecessor-version":[{"id":128827,"href":"https:\/\/progepe.ufpr.br\/portarias\/wp-json\/wp\/v2\/posts\/73574\/revisions\/128827"}],"wp:attachment":[{"href":"https:\/\/progepe.ufpr.br\/portarias\/wp-json\/wp\/v2\/media?parent=73574"}],"wp:term":[{"taxonomy":"category","embeddable":true,"href":"https:\/\/progepe.ufpr.br\/portarias\/wp-json\/wp\/v2\/categories?post=73574"},{"taxonomy":"post_tag","embeddable":true,"href":"https:\/\/progepe.ufpr.br\/portarias\/wp-json\/wp\/v2\/tags?post=73574"}],"curies":[{"name":"wp","href":"https:\/\/api.w.org\/{rel}","templated":true}]}}