{"id":73576,"date":"2019-03-07T10:12:00","date_gmt":"2019-03-07T13:12:00","guid":{"rendered":"http:\/\/progepe.ufpr.br\/portarias\/progepe-2019-00978\/"},"modified":"2023-08-03T12:44:02","modified_gmt":"2023-08-03T15:44:02","slug":"progepe-2019-00978","status":"publish","type":"post","link":"https:\/\/progepe.ufpr.br\/portarias\/progepe-2019-00978\/","title":{"rendered":"PORTARIA N\u00ba 00978\/PROGEPE, DE 07 DE MAR\u00c7O DE 2019"},"content":{"rendered":"\n<p>O Pr\u00f3-Reitor de Gest\u00e3o de Pessoas da Universidade Federal do Paran\u00e1, no uso de suas atribui\u00e7\u00f5es, tendo em vista a compet\u00eancia que lhe \u00e9 conferida pela Portaria n\u00ba 2.590, de 26 de setembro de 1997 e considerando o que consta no processo n\u00ba 23075.106737\/2015- 51,<\/p>\n\n\n<p><strong>RESOLVE:<\/strong><\/p>\n\n\n<p>Considerando o contido no Parecer de For\u00e7a Execut\u00f3ria n\u00ba 00080\/2019-DIMAD\/PFPR\/PGF\/AGU, convalidar, a partir de 21 de fevereiro de 2019, a nomea\u00e7\u00e3o em car\u00e1ter efetivo de FRANCISCO DE ALENCAR &#8211; 2293553, como Professor na carreira de Magist\u00e9rio Superior, lotado no Departamento de Express\u00e3o Gr\u00e1fica do Setor de Ci\u00eancias Exatas, nomeado conforme Portaria n\u00ba 15.542\/PROGEPE, de 17 de fevereiro de 2016, publicada no DOU de 19.02.2016, Se\u00e7\u00e3o 2, p\u00e1g. 28; DOU de 16.03.2016, Se\u00e7\u00e3o 2, p\u00e1g. 28, tendo em vista a decis\u00e3o judicial transitada em julgado, conforme consta no Parecer de For\u00e7a Execut\u00f3ria citado acima.<\/p><p> mrw<\/p>\n\n\n<div style=\"height:15px\" aria-hidden=\"true\" class=\"wp-block-spacer\"><\/div>\n\n\n<div class=\"wp-block-buttons is-content-justification-right is-layout-flex wp-container-core-buttons-is-layout-1 wp-block-buttons-is-layout-flex\">\n<div class=\"wp-block-button has-custom-font-size is-style-outline has-small-font-size is-style-outline--1\"><a class=\"wp-block-button__link\" href=\"https:\/\/progepe.ufpr.br\/portarias\/wp-content\/uploads\/pcp\/PROGEPE\/2019\/978PR.pdf\" style=\"border-radius:0px\" target=\"_blank\" rel=\"noreferrer noopener\">Acesse o arquivo da portaria<\/a><\/div><\/div>\n","protected":false},"excerpt":{"rendered":"<p>Considerando o contido no Parecer de For\u00e7a Execut\u00f3ria n\u00ba 00080\/2019-DIMAD\/PFPR\/PGF\/AGU, convalidar, a partir de 21 de fevereiro de 2019, a nomea\u00e7\u00e3o em car\u00e1ter efetivo de FRANCISCO DE ALENCAR &#8211; 2293553, como Professor na carreira de Magist\u00e9rio Superior, lotado no Departamento de Express\u00e3o Gr\u00e1fica do Setor de Ci\u00eancias Exatas, nomeado conforme Portaria n\u00ba 15.542\/PROGEPE, de 17 de fevereiro de 2016, publicada no DOU de 19.02.2016, Se\u00e7\u00e3o 2, p\u00e1g. 28; DOU de 16.03.2016, Se\u00e7\u00e3o 2, p\u00e1g. 28, tendo em vista a decis\u00e3o judicial transitada em julgado, conforme consta no Parecer de For\u00e7a Execut\u00f3ria citado acima. mrw  {&#8220;height&#8221;:&#8221;15px&#8221;} <\/p>\n<div style=\"height:15px\" \n\n","protected":false},"author":41,"featured_media":0,"comment_status":"closed","ping_status":"open","sticky":false,"template":"","format":"standard","meta":{"_acf_changed":false,"iawp_total_views":0,"footnotes":""},"categories":[116],"tags":[121],"class_list":["post-73576","post","type-post","status-publish","format-standard","hentry","category-progepe","tag-nomeacao"],"acf":[],"_links":{"self":[{"href":"https:\/\/progepe.ufpr.br\/portarias\/wp-json\/wp\/v2\/posts\/73576","targetHints":{"allow":["GET"]}}],"collection":[{"href":"https:\/\/progepe.ufpr.br\/portarias\/wp-json\/wp\/v2\/posts"}],"about":[{"href":"https:\/\/progepe.ufpr.br\/portarias\/wp-json\/wp\/v2\/types\/post"}],"author":[{"embeddable":true,"href":"https:\/\/progepe.ufpr.br\/portarias\/wp-json\/wp\/v2\/users\/41"}],"replies":[{"embeddable":true,"href":"https:\/\/progepe.ufpr.br\/portarias\/wp-json\/wp\/v2\/comments?post=73576"}],"version-history":[{"count":1,"href":"https:\/\/progepe.ufpr.br\/portarias\/wp-json\/wp\/v2\/posts\/73576\/revisions"}],"predecessor-version":[{"id":128829,"href":"https:\/\/progepe.ufpr.br\/portarias\/wp-json\/wp\/v2\/posts\/73576\/revisions\/128829"}],"wp:attachment":[{"href":"https:\/\/progepe.ufpr.br\/portarias\/wp-json\/wp\/v2\/media?parent=73576"}],"wp:term":[{"taxonomy":"category","embeddable":true,"href":"https:\/\/progepe.ufpr.br\/portarias\/wp-json\/wp\/v2\/categories?post=73576"},{"taxonomy":"post_tag","embeddable":true,"href":"https:\/\/progepe.ufpr.br\/portarias\/wp-json\/wp\/v2\/tags?post=73576"}],"curies":[{"name":"wp","href":"https:\/\/api.w.org\/{rel}","templated":true}]}}