{"id":73609,"date":"2019-08-09T10:11:00","date_gmt":"2019-08-09T13:11:00","guid":{"rendered":"http:\/\/progepe.ufpr.br\/portarias\/progepe-2019-03349\/"},"modified":"2023-08-03T12:48:43","modified_gmt":"2023-08-03T15:48:43","slug":"progepe-2019-03349","status":"publish","type":"post","link":"https:\/\/progepe.ufpr.br\/portarias\/progepe-2019-03349\/","title":{"rendered":"PORTARIA N\u00ba 03349\/PROGEPE, DE 09 DE AGOSTO DE 2019"},"content":{"rendered":"\n<p>O Pr\u00f3-Reitor de Gest\u00e3o de Pessoas da Universidade Federal do Paran\u00e1, no uso de suas atribui\u00e7\u00f5es, tendo em vista a compet\u00eancia que lhe \u00e9 conferida pela Portaria n\u00ba 2.590, de 26 de setembro de 1997 e considerando o contido no processo n\u00ba 23075.047108\/2019-14,<\/p>\n\n\n<p><strong>RESOLVE:<\/strong><\/p>\n\n\n<p>Conceder o benef\u00edcio de pens\u00e3o, a partir de 15 de abril de 2019, data do falecimento de ARNALDO DIAS DOS REIS &#8211; 1203179, nos termos dos Art 215 e 217, inciso II da Lei n\u00ba 8.112\/90, com reda\u00e7\u00e3o da Lei n\u00ba 13.135\/15, \u00e0 c\u00f4njuge divorciada com percep\u00e7\u00e3o de pens\u00e3o aliment\u00edcia estabelecida judicialmente, LIDIA SANTIAGO PEREIRA, calculado com base nos vencimentos percebidos pelo ex-servidor,  na categoria funcional de M\u00e9dico \u00c1rea, em regime de trabalho de 20 (vinte) horas semanais, n\u00edvel de classifica\u00e7\u00e3o E, n\u00edvel de capacita\u00e7\u00e3o II, padr\u00e3o de vencimento 14, na forma preceituada no \u00a7 7\u00ba e \u00a7 18, do Art. 40 da E.C. 41\/03, c\/c Art. 2\u00ba da Lei n\u00ba 10.887\/04.<\/p><p><\/p>\n\n\n<div style=\"height:15px\" aria-hidden=\"true\" class=\"wp-block-spacer\"><\/div>\n\n\n<div class=\"wp-block-buttons is-content-justification-right is-layout-flex wp-container-core-buttons-is-layout-1 wp-block-buttons-is-layout-flex\">\n<div class=\"wp-block-button has-custom-font-size is-style-outline has-small-font-size is-style-outline--1\"><a class=\"wp-block-button__link\" href=\"https:\/\/progepe.ufpr.br\/portarias\/wp-content\/uploads\/pcp\/PROGEPE\/2019\/3349PR.pdf\" style=\"border-radius:0px\" target=\"_blank\" rel=\"noreferrer noopener\">Acesse o arquivo da portaria<\/a><\/div><\/div>\n","protected":false},"excerpt":{"rendered":"<p>Conceder o benef\u00edcio de pens\u00e3o, a partir de 15 de abril de 2019, data do falecimento de ARNALDO DIAS DOS REIS &#8211; 1203179, nos termos dos Art 215 e 217, inciso II da Lei n\u00ba 8.112\/90, com reda\u00e7\u00e3o da Lei n\u00ba 13.135\/15, \u00e0 c\u00f4njuge divorciada com percep\u00e7\u00e3o de pens\u00e3o aliment\u00edcia estabelecida judicialmente, LIDIA SANTIAGO PEREIRA, calculado com base nos vencimentos percebidos pelo ex-servidor, na categoria funcional de M\u00e9dico \u00c1rea, em regime de trabalho de 20 (vinte) horas semanais, n\u00edvel de classifica\u00e7\u00e3o E, n\u00edvel de capacita\u00e7\u00e3o II, padr\u00e3o de vencimento 14, na forma preceituada no \u00a7 7\u00ba e \u00a7<\/p>\n","protected":false},"author":41,"featured_media":0,"comment_status":"closed","ping_status":"open","sticky":false,"template":"","format":"standard","meta":{"_acf_changed":false,"iawp_total_views":0,"footnotes":""},"categories":[116],"tags":[145],"class_list":["post-73609","post","type-post","status-publish","format-standard","hentry","category-progepe","tag-pensao"],"acf":[],"_links":{"self":[{"href":"https:\/\/progepe.ufpr.br\/portarias\/wp-json\/wp\/v2\/posts\/73609","targetHints":{"allow":["GET"]}}],"collection":[{"href":"https:\/\/progepe.ufpr.br\/portarias\/wp-json\/wp\/v2\/posts"}],"about":[{"href":"https:\/\/progepe.ufpr.br\/portarias\/wp-json\/wp\/v2\/types\/post"}],"author":[{"embeddable":true,"href":"https:\/\/progepe.ufpr.br\/portarias\/wp-json\/wp\/v2\/users\/41"}],"replies":[{"embeddable":true,"href":"https:\/\/progepe.ufpr.br\/portarias\/wp-json\/wp\/v2\/comments?post=73609"}],"version-history":[{"count":1,"href":"https:\/\/progepe.ufpr.br\/portarias\/wp-json\/wp\/v2\/posts\/73609\/revisions"}],"predecessor-version":[{"id":128862,"href":"https:\/\/progepe.ufpr.br\/portarias\/wp-json\/wp\/v2\/posts\/73609\/revisions\/128862"}],"wp:attachment":[{"href":"https:\/\/progepe.ufpr.br\/portarias\/wp-json\/wp\/v2\/media?parent=73609"}],"wp:term":[{"taxonomy":"category","embeddable":true,"href":"https:\/\/progepe.ufpr.br\/portarias\/wp-json\/wp\/v2\/categories?post=73609"},{"taxonomy":"post_tag","embeddable":true,"href":"https:\/\/progepe.ufpr.br\/portarias\/wp-json\/wp\/v2\/tags?post=73609"}],"curies":[{"name":"wp","href":"https:\/\/api.w.org\/{rel}","templated":true}]}}