{"id":73625,"date":"2019-02-19T10:02:00","date_gmt":"2019-02-19T13:02:00","guid":{"rendered":"http:\/\/progepe.ufpr.br\/portarias\/progepe-2019-00785\/"},"modified":"2023-08-03T12:43:39","modified_gmt":"2023-08-03T15:43:39","slug":"progepe-2019-00785","status":"publish","type":"post","link":"https:\/\/progepe.ufpr.br\/portarias\/progepe-2019-00785\/","title":{"rendered":"PORTARIA N\u00ba 00785\/PROGEPE, DE 19 DE FEVEREIRO DE 2019"},"content":{"rendered":"\n<p>O Pr\u00f3-Reitor de Gest\u00e3o de Pessoas da Universidade Federal do Paran\u00e1 no uso de suas atribui\u00e7\u00f5es, tendo em vista a compet\u00eancia que lhe \u00e9 conferida pela Portaria n\u00ba 2.590, de 26 de setembro de 1997 e considerando o contido no processo n\u00ba 23075.012715\/2018-74,<\/p>\n\n\n<p><strong>RESOLVE:<\/strong><\/p>\n\n\n<p>Em cumprimento \u00e0 decis\u00e3o judicial prolatada nos Autos N\u00ba 5002426- 33.2019.4.04.7000, da 5\u00aa Vara Federal de Curitiba, Se\u00e7\u00e3o Judici\u00e1ria do Paran\u00e1, conceder benef\u00edcio de pens\u00e3o, a partir de 25 de dezembro de 2017, em virtude do falecimento de TERESINHA DOS SANTOS CARVALHO &#8211; 343610, nos termos dos Art.<\/p><p> 215 e 217, inciso IV, al\u00ednea b da Lei n\u00ba 8.112\/90, com reda\u00e7\u00e3o da Lei n\u00ba 13.135\/15, \u00e0 filha MARIA DE LURDES CARVALHO, calculado com base nos proventos percebidos pela ex-servidora, na categoria funcional de Auxiliar de Farm\u00e1cia, em regime de trabalho de 40 (quarenta) horas semanais, n\u00edvel de classifica\u00e7\u00e3o B, n\u00edvel de capacita\u00e7\u00e3o 1, padr\u00e3o de vencimento 16, na forma preceituada no \u00a7 7\u00ba e \u00a7 18, do Art. 40 da E.C. 41\/03, c\/c Art. 2\u00ba da Lei n\u00ba 10.887\/04.<\/p><p><\/p>\n\n\n<div style=\"height:15px\" aria-hidden=\"true\" class=\"wp-block-spacer\"><\/div>\n\n\n<div class=\"wp-block-buttons is-content-justification-right is-layout-flex wp-container-core-buttons-is-layout-1 wp-block-buttons-is-layout-flex\">\n<div class=\"wp-block-button has-custom-font-size is-style-outline has-small-font-size is-style-outline--1\"><a class=\"wp-block-button__link\" href=\"https:\/\/progepe.ufpr.br\/portarias\/wp-content\/uploads\/pcp\/PROGEPE\/2019\/785PR.pdf\" style=\"border-radius:0px\" target=\"_blank\" rel=\"noreferrer noopener\">Acesse o arquivo da portaria<\/a><\/div><\/div>\n","protected":false},"excerpt":{"rendered":"<p>Em cumprimento \u00e0 decis\u00e3o judicial prolatada nos Autos N\u00ba 5002426- 33.2019.4.04.7000, da 5\u00aa Vara Federal de Curitiba, Se\u00e7\u00e3o Judici\u00e1ria do Paran\u00e1, conceder benef\u00edcio de pens\u00e3o, a partir de 25 de dezembro de 2017, em virtude do falecimento de TERESINHA DOS SANTOS CARVALHO &#8211; 343610, nos termos dos Art. 215 e 217, inciso IV, al\u00ednea b da Lei n\u00ba 8.112\/90, com reda\u00e7\u00e3o da Lei n\u00ba 13.135\/15, \u00e0 filha MARIA DE LURDES CARVALHO, calculado com base nos proventos percebidos pela ex-servidora, na categoria funcional de Auxiliar de Farm\u00e1cia, em regime de trabalho de 40 (quarenta) horas semanais, n\u00edvel de classifica\u00e7\u00e3o<\/p>\n","protected":false},"author":41,"featured_media":0,"comment_status":"closed","ping_status":"open","sticky":false,"template":"","format":"standard","meta":{"_acf_changed":false,"iawp_total_views":0,"footnotes":""},"categories":[116],"tags":[145],"class_list":["post-73625","post","type-post","status-publish","format-standard","hentry","category-progepe","tag-pensao"],"acf":[],"_links":{"self":[{"href":"https:\/\/progepe.ufpr.br\/portarias\/wp-json\/wp\/v2\/posts\/73625","targetHints":{"allow":["GET"]}}],"collection":[{"href":"https:\/\/progepe.ufpr.br\/portarias\/wp-json\/wp\/v2\/posts"}],"about":[{"href":"https:\/\/progepe.ufpr.br\/portarias\/wp-json\/wp\/v2\/types\/post"}],"author":[{"embeddable":true,"href":"https:\/\/progepe.ufpr.br\/portarias\/wp-json\/wp\/v2\/users\/41"}],"replies":[{"embeddable":true,"href":"https:\/\/progepe.ufpr.br\/portarias\/wp-json\/wp\/v2\/comments?post=73625"}],"version-history":[{"count":1,"href":"https:\/\/progepe.ufpr.br\/portarias\/wp-json\/wp\/v2\/posts\/73625\/revisions"}],"predecessor-version":[{"id":128878,"href":"https:\/\/progepe.ufpr.br\/portarias\/wp-json\/wp\/v2\/posts\/73625\/revisions\/128878"}],"wp:attachment":[{"href":"https:\/\/progepe.ufpr.br\/portarias\/wp-json\/wp\/v2\/media?parent=73625"}],"wp:term":[{"taxonomy":"category","embeddable":true,"href":"https:\/\/progepe.ufpr.br\/portarias\/wp-json\/wp\/v2\/categories?post=73625"},{"taxonomy":"post_tag","embeddable":true,"href":"https:\/\/progepe.ufpr.br\/portarias\/wp-json\/wp\/v2\/tags?post=73625"}],"curies":[{"name":"wp","href":"https:\/\/api.w.org\/{rel}","templated":true}]}}