{"id":73909,"date":"2019-05-09T10:06:00","date_gmt":"2019-05-09T13:06:00","guid":{"rendered":"http:\/\/progepe.ufpr.br\/portarias\/progepe-2019-01921\/"},"modified":"2023-08-03T12:45:54","modified_gmt":"2023-08-03T15:45:54","slug":"progepe-2019-01921","status":"publish","type":"post","link":"https:\/\/progepe.ufpr.br\/portarias\/progepe-2019-01921\/","title":{"rendered":"PORTARIA N\u00ba 01921\/PROGEPE, DE 09 DE MAIO DE 2019"},"content":{"rendered":"\n<p>O Pr\u00f3-Reitor de Gest\u00e3o de Pessoas da Universidade Federal do Paran\u00e1, no uso de suas atribui\u00e7\u00f5es, tendo em vista a compet\u00eancia que lhe \u00e9 conferida pela Portaria n\u00ba 2.590, de 26 de setembro de 1997 e o que consta no processo n\u00ba 23075.030126\/2019-59,<\/p>\n\n\n<p><strong>RESOLVE:<\/strong><\/p>\n\n\n<p>I \u2013 Considerando o contido na Nota n\u00ba 00153\/2018\/GAB\/ PROC\/PFUFPR\/PGF\/AGU e em especial no Memorando n\u00ba 00250\/2019\/SEGAP\/PFPR\/PGF\/AGU, de 24\/04\/2019, que comunica sobre o julgamento de improced\u00eancia do pedido no processo judicial n\u00ba 5047727-71.2017.4.04.7000 e refor\u00e7a junto \u00e0 PROGEPE sobre a necessidade de desfazimento daquelas progress\u00f5es\/promo\u00e7\u00f5es realizadas com base na liminar anteriormente concedida no referido processo, cessar os efeitos das portarias emitidas nos processos relacionados na tabela abaixo.<\/p><p> II \u2013 A fim de n\u00e3o prejudicar as progress\u00f5es funcionais dos docentes durante o tr\u00e2mite da a\u00e7\u00e3o judicial, ser\u00e1 mantido apenas um n\u00edvel de progress\u00e3o ou promo\u00e7\u00e3o a cada docente nos referidos processos, utilizando-se o per\u00edodo do \u00faltimo interst\u00edcio constante na respectiva portaria.<\/p><p> III \u2013 Para as progress\u00f5es subsequentes \u00e0quelas concedidas nos processos relacionados em anexo, os docentes dever\u00e3o fazer nova solicita\u00e7\u00e3o no Sistema de Progress\u00e3o Docente ap\u00f3s o registro da presente portaria e observada a data do \u00faltimo interst\u00edcio.<\/p><p> Processo Interessados 23075.177442\/2017-21 ALTAIR PIVOVAR 23075.020964\/2018-33 ALCIONE LUIS PEREIRA CARVALHO 23075.028059\/2018-21 ALEXANDRE ALESSI 23075.033550\/2018-74 ALEXANDRE NORONHA MACHADO 23075.182461\/2017-70 AMERICO FROES GARCEZ NETO 23075.024542\/2018-37 ANA LORENA DE OLIVEIRA BRUEL 23075.010817\/2018-55 ANDRE DE MACEDO DUARTE 23075.014035\/2018-95 ARY FABIO GIORDANI DANIEL 23075.021885\/2018-40 CARLA GALVAO SPINILLO 23075.018662\/2018-03 CLEUSA DE CASTRO 23075.022754\/2018-80 DULCE DE MEIRA ALBACH 23075.027322\/2018-65 EDUARDO JOSE BROMMELSTROET RAMOS 23075.025831\/2018-53 EDWIN RICARDO PITRE VASQUEZ 23075.217038\/2017-06 ELISANGELA DE CAMPOS 23075.014314\/2018-59 FERNANDO MARINHO MEZZADRI 23075.034159\/2018-97 FLAVIO RICARDO MEDINA DE OLIVEIRA 23075.210409\/2017-11 GUILHERME SOUZA CAVALCANTI DE ALBUQUERQUE 23075.216721\/2017-18 IRANI DOS SANTOS 23075.018099\/2018-65 JO\u00c3O RODRIGO SAROT 23075.034129\/2018-81 JOSE CARLOS CIFUENTES VASQUEZ 23075.027998\/2018-59 JUAN CARLOS VILA BRAVO 23075.014069\/2018-80 JULIANA SPEROTTO BRUM 23075.018058\/2018-79 JULIO CESAR DE CARVALHO 23075.178580\/2017-28 LENIZA COSTA LIMA LICHTVAN 23075.011266\/2018-47 LIANE MARIA VARGAS BARBOZA 23075.180162\/2017-09 LUCIANE PAIVA ALVES DE OLIVEIRA 23075.010284\/2018-10 LUIZ CARLOS RIBEIRO 23075.019932\/2018-95 MARCO AURELIO DE MELLO MACHADO 23075.011292\/2018-75 MARIA RITA DE ASSIS CESAR 23075.182389\/2017-81 MARIO TERUO SATO 23075.024051\/2018-96 MAURICIO OSVALDO MOURA 23075.028532\/2018-71 MAXIMILIANO GUIMARAES MIRANDA 23075.176279\/2017-80 MONICA MELLO DE MACEDO IGNACIO 23075.025644\/2018-70 NEILA TONIN AGRANIONIH 23075.165245\/2017-60 PAULO ROBERTO MULLER 23075.015457\/2018-88 RAFAEL PEREIRA DUBIELA 23075.028067\/2018-78 RAFAEL STEFANICHEN FERRONATO 23075.027434\/2018-16 RAUL PRADO RAYA 23075.025590\/2018-42 ROBERTO ELUARD DA VEIGA CAVALI 23075.220253\/2017-86 ROBERTO RATZKE 23075.184681\/2017-38 ROSANA HERMINIA SCOLA 23075.025016\/2018-94 SANTO GENTIL FORONE 23075.220063\/2017-69 SAVIO MARCELO LEITE MOREIRA DA SILVA 23075.203252\/2017-77 SUELY FERREIRA DA SILVA 23075.220831\/2017-84 TACITO PESSOA DE SOUZA JUNIOR 23075.190087\/2017-86 VALERIA LUDERS 23075.031595\/2018-12 VERA LUIZA MORO<\/p>\n\n\n<div style=\"height:15px\" aria-hidden=\"true\" class=\"wp-block-spacer\"><\/div>\n\n\n<div class=\"wp-block-buttons is-content-justification-right is-layout-flex wp-container-core-buttons-is-layout-1 wp-block-buttons-is-layout-flex\">\n<div class=\"wp-block-button has-custom-font-size is-style-outline has-small-font-size is-style-outline--1\"><a class=\"wp-block-button__link\" href=\"https:\/\/progepe.ufpr.br\/portarias\/wp-content\/uploads\/pcp\/PROGEPE\/2019\/1921PR.pdf\" style=\"border-radius:0px\" target=\"_blank\" rel=\"noreferrer noopener\">Acesse o arquivo da portaria<\/a><\/div><\/div>\n","protected":false},"excerpt":{"rendered":"<p>I \u2013 Considerando o contido na Nota n\u00ba 00153\/2018\/GAB\/ PROC\/PFUFPR\/PGF\/AGU e em especial no Memorando n\u00ba 00250\/2019\/SEGAP\/PFPR\/PGF\/AGU, de 24\/04\/2019, que comunica sobre o julgamento de improced\u00eancia do pedido no processo judicial n\u00ba 5047727-71.2017.4.04.7000 e refor\u00e7a junto \u00e0 PROGEPE sobre a necessidade de desfazimento daquelas progress\u00f5es\/promo\u00e7\u00f5es realizadas com base na liminar anteriormente concedida no referido processo, cessar os efeitos das portarias emitidas nos processos relacionados na tabela abaixo. II \u2013 A fim de n\u00e3o prejudicar as progress\u00f5es funcionais dos docentes durante o tr\u00e2mite da a\u00e7\u00e3o judicial, ser\u00e1 mantido apenas um n\u00edvel de progress\u00e3o ou promo\u00e7\u00e3o a cada docente nos<\/p>\n","protected":false},"author":41,"featured_media":0,"comment_status":"closed","ping_status":"open","sticky":false,"template":"","format":"standard","meta":{"_acf_changed":false,"iawp_total_views":2,"footnotes":""},"categories":[116],"tags":[143],"class_list":["post-73909","post","type-post","status-publish","format-standard","hentry","category-progepe","tag-progressao-promocao"],"acf":[],"_links":{"self":[{"href":"https:\/\/progepe.ufpr.br\/portarias\/wp-json\/wp\/v2\/posts\/73909","targetHints":{"allow":["GET"]}}],"collection":[{"href":"https:\/\/progepe.ufpr.br\/portarias\/wp-json\/wp\/v2\/posts"}],"about":[{"href":"https:\/\/progepe.ufpr.br\/portarias\/wp-json\/wp\/v2\/types\/post"}],"author":[{"embeddable":true,"href":"https:\/\/progepe.ufpr.br\/portarias\/wp-json\/wp\/v2\/users\/41"}],"replies":[{"embeddable":true,"href":"https:\/\/progepe.ufpr.br\/portarias\/wp-json\/wp\/v2\/comments?post=73909"}],"version-history":[{"count":1,"href":"https:\/\/progepe.ufpr.br\/portarias\/wp-json\/wp\/v2\/posts\/73909\/revisions"}],"predecessor-version":[{"id":129161,"href":"https:\/\/progepe.ufpr.br\/portarias\/wp-json\/wp\/v2\/posts\/73909\/revisions\/129161"}],"wp:attachment":[{"href":"https:\/\/progepe.ufpr.br\/portarias\/wp-json\/wp\/v2\/media?parent=73909"}],"wp:term":[{"taxonomy":"category","embeddable":true,"href":"https:\/\/progepe.ufpr.br\/portarias\/wp-json\/wp\/v2\/categories?post=73909"},{"taxonomy":"post_tag","embeddable":true,"href":"https:\/\/progepe.ufpr.br\/portarias\/wp-json\/wp\/v2\/tags?post=73909"}],"curies":[{"name":"wp","href":"https:\/\/api.w.org\/{rel}","templated":true}]}}