{"id":74529,"date":"2019-09-23T10:06:00","date_gmt":"2019-09-23T13:06:00","guid":{"rendered":"http:\/\/progepe.ufpr.br\/portarias\/progepe-2019-03917\/"},"modified":"2023-08-03T12:49:51","modified_gmt":"2023-08-03T15:49:51","slug":"progepe-2019-03917","status":"publish","type":"post","link":"https:\/\/progepe.ufpr.br\/portarias\/progepe-2019-03917\/","title":{"rendered":"PORTARIA N\u00ba 03917\/PROGEPE, DE 23 DE SETEMBRO DE 2019"},"content":{"rendered":"\n<p>O Pr\u00f3-Reitor de Gest\u00e3o de Pessoas da Universidade Federal do Paran\u00e1, no uso de suas atribui\u00e7\u00f5es, tendo em vista a compet\u00eancia que lhe \u00e9 conferida pela Portaria n\u00ba 2.590, de 26 de setembro de 1997 e considerando o que consta no processo n\u00ba 23075.030126\/2019-59,<\/p>\n\n\n<p><strong>RESOLVE:<\/strong><\/p>\n\n\n<p>Retificar as Portarias n\u00ba 1.869\/PROGEPE, de 07 de maio de 2019 e n\u00ba 1.921\/PROGEPE, de 09 de maio de 2019, ambas referentes ao desfazimento das progress\u00f5es\/promo\u00e7\u00f5es realizadas com base na liminar concedida no processo judicial n\u00ba 5047727-71.2017.4.04.7000 e que fizeram cessar os efeitos das portarias emitidas nos processos relacionados respectivamente nas portarias citadas, para excluir os nomes dos servidores abaixo, que foram listados equivocadamente: PROCESSO INTERESSADOS 23075.150678\/2017-11 DANIEL HAUER QUEIROZ TELLES 23075.010676\/2018-71 LUCIANA KLEIN 23075.018099\/2018-65 JO\u00c3O RODRIGO SAROT 23075.014069\/2018-80 JULIANA SPEROTTO BRUM 23075.028067\/2018-78 RAFAEL STEFANICHEN FERRONATO<\/p>\n\n\n<div style=\"height:15px\" aria-hidden=\"true\" class=\"wp-block-spacer\"><\/div>\n\n\n<div class=\"wp-block-buttons is-content-justification-right is-layout-flex wp-container-core-buttons-is-layout-1 wp-block-buttons-is-layout-flex\">\n<div class=\"wp-block-button has-custom-font-size is-style-outline has-small-font-size is-style-outline--1\"><a class=\"wp-block-button__link\" href=\"https:\/\/progepe.ufpr.br\/portarias\/wp-content\/uploads\/pcp\/PROGEPE\/2019\/3917PR.pdf\" style=\"border-radius:0px\" target=\"_blank\" rel=\"noreferrer noopener\">Acesse o arquivo da portaria<\/a><\/div><\/div>\n","protected":false},"excerpt":{"rendered":"<p>Retificar as Portarias n\u00ba 1.869\/PROGEPE, de 07 de maio de 2019 e n\u00ba 1.921\/PROGEPE, de 09 de maio de 2019, ambas referentes ao desfazimento das progress\u00f5es\/promo\u00e7\u00f5es realizadas com base na liminar concedida no processo judicial n\u00ba 5047727-71.2017.4.04.7000 e que fizeram cessar os efeitos das portarias emitidas nos processos relacionados respectivamente nas portarias citadas, para excluir os nomes dos servidores abaixo, que foram listados equivocadamente: PROCESSO INTERESSADOS 23075.150678\/2017-11 DANIEL HAUER QUEIROZ TELLES 23075.010676\/2018-71 LUCIANA KLEIN 23075.018099\/2018-65 JO\u00c3O RODRIGO SAROT 23075.014069\/2018-80 JULIANA SPEROTTO BRUM 23075.028067\/2018-78 RAFAEL STEFANICHEN FERRONATO  {&#8220;height&#8221;:&#8221;15px&#8221;} <\/p>\n<div style=\"height:15px\" aria-hidden=\"true\" class=\"wp-block-spacer\"> <!-- \/wp:spacer  {\"layout\":{\"type\":\"flex\",\"justifyContent\":\"right\"}} \n\n<div class=\"wp-block-buttons\"><!--\n<\/p>\n","protected":false},"author":41,"featured_media":0,"comment_status":"closed","ping_status":"open","sticky":false,"template":"","format":"standard","meta":{"_acf_changed":false,"iawp_total_views":1,"footnotes":""},"categories":[116],"tags":[143],"class_list":["post-74529","post","type-post","status-publish","format-standard","hentry","category-progepe","tag-progressao-promocao"],"acf":[],"_links":{"self":[{"href":"https:\/\/progepe.ufpr.br\/portarias\/wp-json\/wp\/v2\/posts\/74529","targetHints":{"allow":["GET"]}}],"collection":[{"href":"https:\/\/progepe.ufpr.br\/portarias\/wp-json\/wp\/v2\/posts"}],"about":[{"href":"https:\/\/progepe.ufpr.br\/portarias\/wp-json\/wp\/v2\/types\/post"}],"author":[{"embeddable":true,"href":"https:\/\/progepe.ufpr.br\/portarias\/wp-json\/wp\/v2\/users\/41"}],"replies":[{"embeddable":true,"href":"https:\/\/progepe.ufpr.br\/portarias\/wp-json\/wp\/v2\/comments?post=74529"}],"version-history":[{"count":1,"href":"https:\/\/progepe.ufpr.br\/portarias\/wp-json\/wp\/v2\/posts\/74529\/revisions"}],"predecessor-version":[{"id":129780,"href":"https:\/\/progepe.ufpr.br\/portarias\/wp-json\/wp\/v2\/posts\/74529\/revisions\/129780"}],"wp:attachment":[{"href":"https:\/\/progepe.ufpr.br\/portarias\/wp-json\/wp\/v2\/media?parent=74529"}],"wp:term":[{"taxonomy":"category","embeddable":true,"href":"https:\/\/progepe.ufpr.br\/portarias\/wp-json\/wp\/v2\/categories?post=74529"},{"taxonomy":"post_tag","embeddable":true,"href":"https:\/\/progepe.ufpr.br\/portarias\/wp-json\/wp\/v2\/tags?post=74529"}],"curies":[{"name":"wp","href":"https:\/\/api.w.org\/{rel}","templated":true}]}}