{"id":74549,"date":"2019-09-30T10:06:00","date_gmt":"2019-09-30T13:06:00","guid":{"rendered":"http:\/\/progepe.ufpr.br\/portarias\/progepe-2019-03997\/"},"modified":"2023-09-21T13:35:20","modified_gmt":"2023-09-21T16:35:20","slug":"progepe-2019-03997","status":"publish","type":"post","link":"https:\/\/progepe.ufpr.br\/portarias\/progepe-2019-03997\/","title":{"rendered":"PORTARIA N\u00ba 03997\/PROGEPE, DE 30 DE SETEMBRO DE 2019"},"content":{"rendered":"\n<p style=\"padding-left:43%\">O Pr\u00f3-Reitor de Gest\u00e3o de Pessoas da Universidade Federal do Paran\u00e1, no uso de suas atribui\u00e7\u00f5es, tendo em vista a compet\u00eancia que lhe \u00e9 conferida pela Portaria n\u00ba 2.590, de 26 de setembro de 1997, considerando o que consta na Resolu\u00e7\u00e3o n\u00ba 10\/2014-CEPE e ainda o que consta no processo n\u00ba 23075.068924\/2019-53;<\/p>\n\n\n\n<p style=\"padding-left:43%\"><strong>RESOLVE:<\/strong><\/p>\n\n\n\n<p>I. Conceder promo\u00e7\u00e3o funcional \u00e0 servidora DANIELLE MANTOVANI LUCENA DA SILVA &#8211; 2857299, lotada no Departamento de Administra\u00e7\u00e3o Geral e Aplicada do Setor de Ci\u00eancias Sociais Aplicadas, do n\u00edvel 6-04 da classe C &#8211; Adjunto para o n\u00edvel 7-01 da classe D &#8211; Associado, conforme parecer da CPPD na avalia\u00e7\u00e3o de desempenho, a partir de 26 de setembro de 2019.<\/p>\n\n\n\n<p>II. A progress\u00e3o setembro ser\u00e1 a partir de 26 de setembro de 2021, conforme o \u00a72 do artigo 4\u00ba da resolu\u00e7\u00e3o 10\/14.<\/p>\n","protected":false},"excerpt":{"rendered":"<p>I. Conceder promo\u00e7\u00e3o funcional \u00e0 servidora DANIELLE MANTOVANI LUCENA DA SILVA &#8211; 2857299, lotada no Departamento de Administra\u00e7\u00e3o Geral e Aplicada do Setor de Ci\u00eancias Sociais Aplicadas, do n\u00edvel 6-04 da classe C &#8211; Adjunto para o n\u00edvel 7-01 da classe D &#8211; Associado, conforme parecer da CPPD na avalia\u00e7\u00e3o de desempenho, a partir de 26 de setembro de 2019.  II. A progress\u00e3o setembro ser\u00e1 a partir de 26 de setembro de 2021, conforme o \u00a72 do artigo 4\u00ba da resolu\u00e7\u00e3o 10\/14.<\/p>\n","protected":false},"author":41,"featured_media":0,"comment_status":"closed","ping_status":"open","sticky":false,"template":"","format":"standard","meta":{"_acf_changed":false,"iawp_total_views":1,"footnotes":""},"categories":[116],"tags":[143],"class_list":["post-74549","post","type-post","status-publish","format-standard","hentry","category-progepe","tag-progressao-promocao"],"acf":[],"_links":{"self":[{"href":"https:\/\/progepe.ufpr.br\/portarias\/wp-json\/wp\/v2\/posts\/74549","targetHints":{"allow":["GET"]}}],"collection":[{"href":"https:\/\/progepe.ufpr.br\/portarias\/wp-json\/wp\/v2\/posts"}],"about":[{"href":"https:\/\/progepe.ufpr.br\/portarias\/wp-json\/wp\/v2\/types\/post"}],"author":[{"embeddable":true,"href":"https:\/\/progepe.ufpr.br\/portarias\/wp-json\/wp\/v2\/users\/41"}],"replies":[{"embeddable":true,"href":"https:\/\/progepe.ufpr.br\/portarias\/wp-json\/wp\/v2\/comments?post=74549"}],"version-history":[{"count":3,"href":"https:\/\/progepe.ufpr.br\/portarias\/wp-json\/wp\/v2\/posts\/74549\/revisions"}],"predecessor-version":[{"id":250892,"href":"https:\/\/progepe.ufpr.br\/portarias\/wp-json\/wp\/v2\/posts\/74549\/revisions\/250892"}],"wp:attachment":[{"href":"https:\/\/progepe.ufpr.br\/portarias\/wp-json\/wp\/v2\/media?parent=74549"}],"wp:term":[{"taxonomy":"category","embeddable":true,"href":"https:\/\/progepe.ufpr.br\/portarias\/wp-json\/wp\/v2\/categories?post=74549"},{"taxonomy":"post_tag","embeddable":true,"href":"https:\/\/progepe.ufpr.br\/portarias\/wp-json\/wp\/v2\/tags?post=74549"}],"curies":[{"name":"wp","href":"https:\/\/api.w.org\/{rel}","templated":true}]}}