{"id":74748,"date":"2019-09-19T10:02:00","date_gmt":"2019-09-19T13:02:00","guid":{"rendered":"http:\/\/progepe.ufpr.br\/portarias\/progepe-2019-03881\/"},"modified":"2023-08-03T12:49:47","modified_gmt":"2023-08-03T15:49:47","slug":"progepe-2019-03881","status":"publish","type":"post","link":"https:\/\/progepe.ufpr.br\/portarias\/progepe-2019-03881\/","title":{"rendered":"PORTARIA N\u00ba 03881\/PROGEPE, DE 19 DE SETEMBRO DE 2019"},"content":{"rendered":"\n<p>O Pr\u00f3-Reitor de Gest\u00e3o de Pessoas da Universidade Federal do Paran\u00e1, no uso de suas atribui\u00e7\u00f5es, tendo em vista a compet\u00eancia que lhe \u00e9 conferida pela Portaria n\u00ba 2.590, de 26 de setembro de 1997 e considerando o que consta no processo n\u00ba 23075.038968\/2013-63,<\/p>\n\n\n<p><strong>RESOLVE:<\/strong><\/p>\n\n\n<p>Alterar a Portaria n\u00ba 133\/PROGEPE, de 15 de janeiro de 2019, referente \u00e0 altera\u00e7\u00e3o do regime de trabalho do servidor NEILOR VANDERLEI KLEINUBING &#8211; 6343569, ocupante do cargo de Professor do Ensino B\u00e1sico, T\u00e9cnico e Tecnol\u00f3gico, lotado na Coordena\u00e7\u00e3o da C\u00e2mara do Curso de Sa\u00fade Coletiva do Setor Litoral, para fazer constar que o regime de 40 (quarenta) horas semanais com dedica\u00e7\u00e3o exclusiva passa a ser a partir de 29 de maio de 2014 e n\u00e3o como constou no referido ato, tendo em vista o que consta no Parecer de For\u00e7a Execut\u00f3ria n\u00ba 00278\/2018- DIMAD\/PFPR\/PGF\/AGU.<\/p><p> [mrw]<\/p>\n\n\n<div style=\"height:15px\" aria-hidden=\"true\" class=\"wp-block-spacer\"><\/div>\n\n\n<div class=\"wp-block-buttons is-content-justification-right is-layout-flex wp-container-core-buttons-is-layout-1 wp-block-buttons-is-layout-flex\">\n<div class=\"wp-block-button has-custom-font-size is-style-outline has-small-font-size is-style-outline--1\"><a class=\"wp-block-button__link\" href=\"https:\/\/progepe.ufpr.br\/portarias\/wp-content\/uploads\/pcp\/PROGEPE\/2019\/3881PR.pdf\" style=\"border-radius:0px\" target=\"_blank\" rel=\"noreferrer noopener\">Acesse o arquivo da portaria<\/a><\/div><\/div>\n","protected":false},"excerpt":{"rendered":"<p>Alterar a Portaria n\u00ba 133\/PROGEPE, de 15 de janeiro de 2019, referente \u00e0 altera\u00e7\u00e3o do regime de trabalho do servidor NEILOR VANDERLEI KLEINUBING &#8211; 6343569, ocupante do cargo de Professor do Ensino B\u00e1sico, T\u00e9cnico e Tecnol\u00f3gico, lotado na Coordena\u00e7\u00e3o da C\u00e2mara do Curso de Sa\u00fade Coletiva do Setor Litoral, para fazer constar que o regime de 40 (quarenta) horas semanais com dedica\u00e7\u00e3o exclusiva passa a ser a partir de 29 de maio de 2014 e n\u00e3o como constou no referido ato, tendo em vista o que consta no Parecer de For\u00e7a Execut\u00f3ria n\u00ba 00278\/2018- DIMAD\/PFPR\/PGF\/AGU. [mrw]  {&#8220;height&#8221;:&#8221;15px&#8221;}<\/p>\n","protected":false},"author":41,"featured_media":0,"comment_status":"closed","ping_status":"open","sticky":false,"template":"","format":"standard","meta":{"_acf_changed":false,"iawp_total_views":1,"footnotes":""},"categories":[116],"tags":[130],"class_list":["post-74748","post","type-post","status-publish","format-standard","hentry","category-progepe","tag-regime-trabalho"],"acf":[],"_links":{"self":[{"href":"https:\/\/progepe.ufpr.br\/portarias\/wp-json\/wp\/v2\/posts\/74748","targetHints":{"allow":["GET"]}}],"collection":[{"href":"https:\/\/progepe.ufpr.br\/portarias\/wp-json\/wp\/v2\/posts"}],"about":[{"href":"https:\/\/progepe.ufpr.br\/portarias\/wp-json\/wp\/v2\/types\/post"}],"author":[{"embeddable":true,"href":"https:\/\/progepe.ufpr.br\/portarias\/wp-json\/wp\/v2\/users\/41"}],"replies":[{"embeddable":true,"href":"https:\/\/progepe.ufpr.br\/portarias\/wp-json\/wp\/v2\/comments?post=74748"}],"version-history":[{"count":1,"href":"https:\/\/progepe.ufpr.br\/portarias\/wp-json\/wp\/v2\/posts\/74748\/revisions"}],"predecessor-version":[{"id":129997,"href":"https:\/\/progepe.ufpr.br\/portarias\/wp-json\/wp\/v2\/posts\/74748\/revisions\/129997"}],"wp:attachment":[{"href":"https:\/\/progepe.ufpr.br\/portarias\/wp-json\/wp\/v2\/media?parent=74748"}],"wp:term":[{"taxonomy":"category","embeddable":true,"href":"https:\/\/progepe.ufpr.br\/portarias\/wp-json\/wp\/v2\/categories?post=74748"},{"taxonomy":"post_tag","embeddable":true,"href":"https:\/\/progepe.ufpr.br\/portarias\/wp-json\/wp\/v2\/tags?post=74748"}],"curies":[{"name":"wp","href":"https:\/\/api.w.org\/{rel}","templated":true}]}}